{"id":5328,"date":"2018-01-14T22:01:12","date_gmt":"2018-01-15T01:01:12","guid":{"rendered":"https:\/\/www.frutadovale.com.br\/2013\/?p=5328"},"modified":"2018-01-14T22:15:25","modified_gmt":"2018-01-15T01:15:25","slug":"brasil-participa-com-tres-palestras-no-viii-simposio-internacional-de-nozes","status":"publish","type":"post","link":"https:\/\/www.frutadovale.com.br\/2013\/2018\/01\/14\/brasil-participa-com-tres-palestras-no-viii-simposio-internacional-de-nozes\/","title":{"rendered":"Brasil participa com tr\u00eas palestras no VIII Simp\u00f3sio Internacional de nozes"},"content":{"rendered":"<p>Durante os dias 29, 30 de novembro e 01 de dezembro, mais de duzentos pesquisadores, produtores, viveiristas e outros profissionais da fruticultura, de 15 pa\u00edses, participaram em Santiago, Chile, de uma grande troca de experi\u00eancias no VIII Simp\u00f3sio internacional de nozes, caju e nozes-pec\u00e3. Al\u00e9m das se\u00e7\u00f5es de p\u00f4steres e visita\u00e7\u00f5es a pomares, o evento teve na sua parte de apresenta\u00e7\u00f5es orais, uma palestra sobre caj\u00fa, com o pesquisador da Embrapa Agroind\u00fastria Tropical, de  Fortaleza\/CE, engenheiro agr\u00f4nomo Francisco F\u00e1bio de Assis Paiva e duas palestras do diretor da Divinut, bi\u00f3logo Edson Roberto Ortiz, sendo uma sobre os aspectos hist\u00f3ricos, geogr\u00e1ficos e comerciais e outras sobre aspectos, fenol\u00f3gicos, fitossatin\u00e1rios, fitot\u00e9cnicos e produtivos da nogueira-pec\u00e3 no Brasil. Edson Ortiz tamb\u00e9m foi membro do comit\u00ea cient\u00edfico do evento.<\/p>\n<p>A tecnologia de viveiragem e manejo apresentada, com resultados acima da m\u00e9dia mundial, chamou muito a aten\u00e7\u00e3o de profissionais de outros pa\u00edses, que passaram a reconhecer o Brasil como um pa\u00eds emergente na produ\u00e7\u00e3o de nozes-pec\u00e3, com n\u00edvel tecnol\u00f3gico de ponta. &#8220;A partir desse evento, ampliaram-se as parcerias para trocas de informa\u00e7\u00f5es tecnol\u00f3gicos com profissionais de v\u00e1rios pa\u00edses, como \u00c1frica do Sul, Argentina, Autr\u00e1lia, Chile, China, Espanha, Estados Unidos, Ir\u00e3 e M\u00e9xico&#8221;, declarou Ortiz.<\/p>\n<p>O pr\u00f3ximo simp\u00f3sio ficou agendado para 2021, na Espanha e Fran\u00e7a.<\/p>\n<p>Evento  &#8211; Era la cita planetaria de las pecanas, caj\u00fa y las nueces. Un evento mundial que congreg\u00f3 en Chile durante tres d\u00edas (del 29 de noviembre al 1 de diciembre) a cerca de 200 representantes cient\u00edficos, t\u00e9cnicos y de otros segmentos de la industria en torno al VIII International Symposium on Walnut, Cashew and Pecan. En total fueron 12 pa\u00edses (Alemania, Argentina, B\u00e9lgica, Chile, China, Espa\u00f1a, Estados Unidos, Francia, Italia, Jap\u00f3n, Portugal y Turqu\u00eda.<br \/>\nTodo parti\u00f3, eso s\u00ed, tres d\u00edas antes con actividades en terreno. Casi 40 exponentes extranjeros se inscribieron para recorrer campos chilenos. Se visitaron diferentes zonas productivas, considerando distintas condiciones de clima y suelo, variedades, distancia de plantaci\u00f3n, manejos productivos como riego, nutrici\u00f3n, formaci\u00f3n, poda y diferentes edades de plantaci\u00f3n para mostrar el desarrollo de los nogales: en la regi\u00f3n del B\u00edo-B\u00edo, las agr\u00edcolas Mackenna, Carper, Huertos del Valle y Rucalhue; en la regi\u00f3n del Maule, las agr\u00edcolas Retiro y Alto Los Olmos; en la regi\u00f3n de O?Higgins, Agr\u00edcola Vista El Volc\u00e1n; y en la Regi\u00f3n Metropolitana, Agr\u00edcola Fiume.<br \/>\nDurante el Simposio hubo exposiciones de trabajos cient\u00edficos y t\u00e9cnicos durante los tres d\u00edas, con espacios para visitar los posters y hubo premiaciones otorgadas por la ISHS, recayendo en los trabajos de Javiera Morales por su Poster &#8220;Nitrogen source and dose interact with in vitro growth of Phytophthora cinnamon and Phytopthora citrophthora&#8221;; y tambi\u00e9n para Hijiri Yamagata, por su presentaci\u00f3n Oral &#8220;&#8221;Consecutive monitoring method for pecan orchards with UAV&#8221;.<br \/>\nChilenut otorg\u00f3 un reconocimiento especial a Gamalier Lemus, una nuez de oro, por su dilatada trayectoria como investigador, y cuyos trabajos han contribuido de manera significativa al desarrollo del cultivo del nogal en Chile.<br \/>\nLa sede del pr\u00f3ximo simposio se dividir\u00e1 entre Espa\u00f1a y Francia que postularon de manera conjunta.<\/p>\n","protected":false},"excerpt":{"rendered":"<p>Durante os dias 29, 30 de novembro e 01 de dezembro, mais de duzentos pesquisadores, produtores, viveiristas e outros profissionais da fruticultura, de 15 pa\u00edses, participaram em Santiago, Chile, de uma grande troca de experi\u00eancias no VIII Simp\u00f3sio internacional de nozes, caju e nozes-pec\u00e3. Al\u00e9m das se\u00e7\u00f5es de p\u00f4steres e visita\u00e7\u00f5es a pomares, o evento [&hellip;]<\/p>\n","protected":false},"author":1,"featured_media":0,"comment_status":"open","ping_status":"open","sticky":false,"template":"","format":"standard","meta":[],"categories":[4],"tags":[],"_links":{"self":[{"href":"https:\/\/www.frutadovale.com.br\/2013\/wp-json\/wp\/v2\/posts\/5328"}],"collection":[{"href":"https:\/\/www.frutadovale.com.br\/2013\/wp-json\/wp\/v2\/posts"}],"about":[{"href":"https:\/\/www.frutadovale.com.br\/2013\/wp-json\/wp\/v2\/types\/post"}],"author":[{"embeddable":true,"href":"https:\/\/www.frutadovale.com.br\/2013\/wp-json\/wp\/v2\/users\/1"}],"replies":[{"embeddable":true,"href":"https:\/\/www.frutadovale.com.br\/2013\/wp-json\/wp\/v2\/comments?post=5328"}],"version-history":[{"count":4,"href":"https:\/\/www.frutadovale.com.br\/2013\/wp-json\/wp\/v2\/posts\/5328\/revisions"}],"predecessor-version":[{"id":5330,"href":"https:\/\/www.frutadovale.com.br\/2013\/wp-json\/wp\/v2\/posts\/5328\/revisions\/5330"}],"wp:attachment":[{"href":"https:\/\/www.frutadovale.com.br\/2013\/wp-json\/wp\/v2\/media?parent=5328"}],"wp:term":[{"taxonomy":"category","embeddable":true,"href":"https:\/\/www.frutadovale.com.br\/2013\/wp-json\/wp\/v2\/categories?post=5328"},{"taxonomy":"post_tag","embeddable":true,"href":"https:\/\/www.frutadovale.com.br\/2013\/wp-json\/wp\/v2\/tags?post=5328"}],"curies":[{"name":"wp","href":"https:\/\/api.w.org\/{rel}","templated":true}]}}