{"id":5320,"date":"2018-01-08T09:30:19","date_gmt":"2018-01-08T12:30:19","guid":{"rendered":"https:\/\/www.frutadovale.com.br\/2013\/?p=5320"},"modified":"2018-01-08T09:30:19","modified_gmt":"2018-01-08T12:30:19","slug":"1o-de-fevereiro-abertura-oficial-da-safra-de-maca","status":"publish","type":"post","link":"https:\/\/www.frutadovale.com.br\/2013\/2018\/01\/08\/1o-de-fevereiro-abertura-oficial-da-safra-de-maca\/","title":{"rendered":"1\u00ba de fevereiro: abertura oficial da safra de ma\u00e7\u00e3"},"content":{"rendered":"<p style=\"text-align: center;\"><img decoding=\"async\" loading=\"lazy\" class=\"aligncenter size-full wp-image-5321\" alt=\"safra-maca1\" src=\"https:\/\/www.frutadovale.com.br\/2013\/wp-content\/uploads\/2018\/01\/safra-maca1.jpg\" width=\"533\" height=\"400\" srcset=\"https:\/\/www.frutadovale.com.br\/2013\/wp-content\/uploads\/2018\/01\/safra-maca1.jpg 533w, https:\/\/www.frutadovale.com.br\/2013\/wp-content\/uploads\/2018\/01\/safra-maca1-300x225.jpg 300w\" sizes=\"(max-width: 533px) 100vw, 533px\" \/><\/p>\n<p>A safra da ma\u00e7\u00e3 2018 no Rio Grande do Sul inicia em meados de janeiro. De acordo com o presidente da Associa\u00e7\u00e3o Ga\u00facha dos Produtores de Ma\u00e7\u00e3 (Agapomi), Eliseu Bueno, a expectativa \u00e9 de contratar entre 10 e 12 mil trabalhadores somente em Vacaria, munic\u00edpio que \u00e9 o maior produtor da fruta no Estado. O n\u00famero de contrata\u00e7\u00f5es \u00e9 um pouco menor do que na safra passada, quando foram chamados cerca de 15 mil trabalhadores para o per\u00edodo.<\/p>\n<p>A diminui\u00e7\u00e3o de contratados deste ano se deve a uma redu\u00e7\u00e3o da safra. Enquanto em 2017 foram 511 mil toneladas de ma\u00e7\u00e3 colhidas, a expectativa para este ano \u00e9 entre 400 e 500 mil toneladas da fruta. A maioria dos trabalhadores \u00e9 da regi\u00e3o Sul do Estado, principalmente de Uruguaiana, Bag\u00e9, Luis Gonzaga e S\u00e3o Miguel das Miss\u00f5es. Os trabalhadores do Estado preenchem 80% do total das vagas. O restante \u00e9 de diversos estados, principalmente do Nordeste, mas tamb\u00e9m do Paran\u00e1 e de S\u00e3o Paulo.<\/p>\n<p>A abertura oficial da safra da ma\u00e7\u00e3 ser\u00e1 no dia 1\u00ba de fevereiro, na sede da Embrapa de Vacaria.<\/p>\n","protected":false},"excerpt":{"rendered":"<p>A safra da ma\u00e7\u00e3 2018 no Rio Grande do Sul inicia em meados de janeiro. De acordo com o presidente da Associa\u00e7\u00e3o Ga\u00facha dos Produtores de Ma\u00e7\u00e3 (Agapomi), Eliseu Bueno, a expectativa \u00e9 de contratar entre 10 e 12 mil trabalhadores somente em Vacaria, munic\u00edpio que \u00e9 o maior produtor da fruta no Estado. O [&hellip;]<\/p>\n","protected":false},"author":1,"featured_media":0,"comment_status":"open","ping_status":"open","sticky":false,"template":"","format":"standard","meta":[],"categories":[4],"tags":[],"_links":{"self":[{"href":"https:\/\/www.frutadovale.com.br\/2013\/wp-json\/wp\/v2\/posts\/5320"}],"collection":[{"href":"https:\/\/www.frutadovale.com.br\/2013\/wp-json\/wp\/v2\/posts"}],"about":[{"href":"https:\/\/www.frutadovale.com.br\/2013\/wp-json\/wp\/v2\/types\/post"}],"author":[{"embeddable":true,"href":"https:\/\/www.frutadovale.com.br\/2013\/wp-json\/wp\/v2\/users\/1"}],"replies":[{"embeddable":true,"href":"https:\/\/www.frutadovale.com.br\/2013\/wp-json\/wp\/v2\/comments?post=5320"}],"version-history":[{"count":2,"href":"https:\/\/www.frutadovale.com.br\/2013\/wp-json\/wp\/v2\/posts\/5320\/revisions"}],"predecessor-version":[{"id":5323,"href":"https:\/\/www.frutadovale.com.br\/2013\/wp-json\/wp\/v2\/posts\/5320\/revisions\/5323"}],"wp:attachment":[{"href":"https:\/\/www.frutadovale.com.br\/2013\/wp-json\/wp\/v2\/media?parent=5320"}],"wp:term":[{"taxonomy":"category","embeddable":true,"href":"https:\/\/www.frutadovale.com.br\/2013\/wp-json\/wp\/v2\/categories?post=5320"},{"taxonomy":"post_tag","embeddable":true,"href":"https:\/\/www.frutadovale.com.br\/2013\/wp-json\/wp\/v2\/tags?post=5320"}],"curies":[{"name":"wp","href":"https:\/\/api.w.org\/{rel}","templated":true}]}}