{"id":5313,"date":"2018-01-04T11:50:34","date_gmt":"2018-01-04T14:50:34","guid":{"rendered":"https:\/\/www.frutadovale.com.br\/2013\/?p=5313"},"modified":"2018-01-04T11:50:34","modified_gmt":"2018-01-04T14:50:34","slug":"brasil-busca-espaco-entre-grandes-exportadores-de-frutas","status":"publish","type":"post","link":"https:\/\/www.frutadovale.com.br\/2013\/2018\/01\/04\/brasil-busca-espaco-entre-grandes-exportadores-de-frutas\/","title":{"rendered":"Brasil busca espa\u00e7o entre grandes exportadores de frutas"},"content":{"rendered":"<p>Terceiro maior produtor mundial de frutas, o Brasil ocupa uma nada honrosa vig\u00e9sima-terceira posi\u00e7\u00e3o entre os principais exportadores mundiais do setor. Mas este panorama come\u00e7a a mudar. Em 2019, pela 1\u00aa vez na hist\u00f3ria, as exporta\u00e7\u00f5es do setor atingir\u00e3o a cifra de US$ 1 bilh\u00e3o. Com a renova\u00e7\u00e3o do conv\u00eanio com a Apex-Brasil, que possibilita a realiza\u00e7\u00e3o de uma s\u00e9rie de a\u00e7\u00f5es internacionais e promo\u00e7\u00e3o e incremento das exporta\u00e7\u00f5es, e com a implanta\u00e7\u00e3o, pelo Minist\u00e9rio da Agricultura Pecu\u00e1ria e Abastecimento (Mapa) do Plano\u00a0 Nacional de Desenvolvimento da Fruticultura, n\u00fameros muito mais expressivos ser\u00e3o alcan\u00e7ados pelo setor nos pr\u00f3ximos anos.<\/p>\n<p>Estes e outros temas foram abordados em entrevista exclusiva ao Comexdobrasil.com pelo presidente da Associa\u00e7\u00e3o Nacional dos Produtores Exportadores de Frutas e Derivados (Abrafrutas), Luiz Roberto Barcelos. A \u00edntegra da entrevista segue abaixo:<br \/>\n<strong>Comexdobrasil.com:<\/strong> Ap\u00f3s longa espera, finalmente foi renovado o acordo com a Apex-Brasil. Qual \u00e9 a import\u00e2ncia desse acordo para a fruticultura brasileira e em especial para as exporta\u00e7\u00f5es do setor?<\/p>\n<p><strong>Lu\u00edz Roberto Barcelos:<\/strong> Esse conv\u00eanio \u00e9 muito importante para que o setor continue com suas a\u00e7\u00f5es internacionais de promo\u00e7\u00e3o e incremento das exporta\u00e7\u00f5es de frutas e abertura de novos mercados. A primeira grande a\u00e7\u00e3o ser\u00e1 a participa\u00e7\u00e3o brasileira no maior evento mundial do setor que \u00e9 a Fruit &amp; Logistica que ocorrer\u00e1 em Berlim no in\u00edcio de fevereiro pr\u00f3ximo, onde estaremos com um stand de 500 m2, e um recorde de empresas expositoras, 22.<\/p>\n<p>O novo acordo vai possibilitar \u00e0 Abrafrutas realizar uma s\u00e9rie de a\u00e7\u00f5es promocionais da fruticultura brasileira no exterior.<\/p>\n","protected":false},"excerpt":{"rendered":"<p>Terceiro maior produtor mundial de frutas, o Brasil ocupa uma nada honrosa vig\u00e9sima-terceira posi\u00e7\u00e3o entre os principais exportadores mundiais do setor. Mas este panorama come\u00e7a a mudar. Em 2019, pela 1\u00aa vez na hist\u00f3ria, as exporta\u00e7\u00f5es do setor atingir\u00e3o a cifra de US$ 1 bilh\u00e3o. Com a renova\u00e7\u00e3o do conv\u00eanio com a Apex-Brasil, que possibilita [&hellip;]<\/p>\n","protected":false},"author":1,"featured_media":0,"comment_status":"open","ping_status":"open","sticky":false,"template":"","format":"standard","meta":[],"categories":[4],"tags":[],"_links":{"self":[{"href":"https:\/\/www.frutadovale.com.br\/2013\/wp-json\/wp\/v2\/posts\/5313"}],"collection":[{"href":"https:\/\/www.frutadovale.com.br\/2013\/wp-json\/wp\/v2\/posts"}],"about":[{"href":"https:\/\/www.frutadovale.com.br\/2013\/wp-json\/wp\/v2\/types\/post"}],"author":[{"embeddable":true,"href":"https:\/\/www.frutadovale.com.br\/2013\/wp-json\/wp\/v2\/users\/1"}],"replies":[{"embeddable":true,"href":"https:\/\/www.frutadovale.com.br\/2013\/wp-json\/wp\/v2\/comments?post=5313"}],"version-history":[{"count":2,"href":"https:\/\/www.frutadovale.com.br\/2013\/wp-json\/wp\/v2\/posts\/5313\/revisions"}],"predecessor-version":[{"id":5315,"href":"https:\/\/www.frutadovale.com.br\/2013\/wp-json\/wp\/v2\/posts\/5313\/revisions\/5315"}],"wp:attachment":[{"href":"https:\/\/www.frutadovale.com.br\/2013\/wp-json\/wp\/v2\/media?parent=5313"}],"wp:term":[{"taxonomy":"category","embeddable":true,"href":"https:\/\/www.frutadovale.com.br\/2013\/wp-json\/wp\/v2\/categories?post=5313"},{"taxonomy":"post_tag","embeddable":true,"href":"https:\/\/www.frutadovale.com.br\/2013\/wp-json\/wp\/v2\/tags?post=5313"}],"curies":[{"name":"wp","href":"https:\/\/api.w.org\/{rel}","templated":true}]}}