{"id":5301,"date":"2017-12-28T11:33:17","date_gmt":"2017-12-28T14:33:17","guid":{"rendered":"https:\/\/www.frutadovale.com.br\/2013\/?p=5301"},"modified":"2017-12-28T11:33:17","modified_gmt":"2017-12-28T14:33:17","slug":"produtores-catarinenses-esperam-colher-658-mil-toneladas-de-uva","status":"publish","type":"post","link":"https:\/\/www.frutadovale.com.br\/2013\/2017\/12\/28\/produtores-catarinenses-esperam-colher-658-mil-toneladas-de-uva\/","title":{"rendered":"Produtores catarinenses esperam colher 65,8 mil toneladas de uva"},"content":{"rendered":"<p>Uma geada tardia no \u00faltimo m\u00eas de setembro n\u00e3o foi capaz de abalar a expectativa dos produtores com a safra da uva de 2018. Mesmo com essa intemp\u00e9rie, a previs\u00e3o do setor \u00e9 ter uma colheita produtiva em fevereiro e mar\u00e7o. Segundo n\u00fameros da Secretaria de Agricultura e Pesca de Santa Catarina, o Estado 4,7 mil hectares de uva plantados.<\/p>\n<p>Dessa \u00e1rea, devem ser colhidos 65,8 mil toneladas com 35 mil de uvas de mesa e o restante para vinhos e sucos. Em vinhos de mesa a expectativa \u00e9 de produ\u00e7\u00e3o de 14,8 milh\u00f5es de litros, al\u00e9m de seis milh\u00f5es de litros de sucos, 230 mil litros de espumantes e 180 mil litros de vinhos finos.<\/p>\n<p>A safra a ser colhida, segundo o secret\u00e1rio-adjunto de Agricultura e Pesca, Airton Spies, deve igualar a de 2017, mas superior a de 2016, onde houve uma perda de 50%:<\/p>\n<p>&#8220;A atual safra est\u00e1 correndo com normalidade. Tivemos uma pequena geada tardia em pontos isolados que chegou a queimar os cachos de uva jovens, mas \u00e9 uma perda que n\u00e3o caracteriza impacto no total. Temos previs\u00e3o de La Ni\u00f1a nos pr\u00f3ximos meses, isso significa menos chuva para a nossa regi\u00e3o, com isso ter\u00e1 mais sol, o que pode resultar em uma uva de excelente qualidade&#8221;.<\/p>\n<p>As uvas finas s\u00e3o produzidas em Santa Catarina na regi\u00e3o de S\u00e3o Joaquim e \u00c1gua Doce. J\u00e1 as uva de mesa se concentram na regi\u00e3o do Vale do Rio do Peixe, em cidade como Videira, Pinheiro Preto e Tangar\u00e1.<\/p>\n","protected":false},"excerpt":{"rendered":"<p>Uma geada tardia no \u00faltimo m\u00eas de setembro n\u00e3o foi capaz de abalar a expectativa dos produtores com a safra da uva de 2018. Mesmo com essa intemp\u00e9rie, a previs\u00e3o do setor \u00e9 ter uma colheita produtiva em fevereiro e mar\u00e7o. Segundo n\u00fameros da Secretaria de Agricultura e Pesca de Santa Catarina, o Estado 4,7 [&hellip;]<\/p>\n","protected":false},"author":1,"featured_media":0,"comment_status":"open","ping_status":"open","sticky":false,"template":"","format":"standard","meta":[],"categories":[4],"tags":[],"_links":{"self":[{"href":"https:\/\/www.frutadovale.com.br\/2013\/wp-json\/wp\/v2\/posts\/5301"}],"collection":[{"href":"https:\/\/www.frutadovale.com.br\/2013\/wp-json\/wp\/v2\/posts"}],"about":[{"href":"https:\/\/www.frutadovale.com.br\/2013\/wp-json\/wp\/v2\/types\/post"}],"author":[{"embeddable":true,"href":"https:\/\/www.frutadovale.com.br\/2013\/wp-json\/wp\/v2\/users\/1"}],"replies":[{"embeddable":true,"href":"https:\/\/www.frutadovale.com.br\/2013\/wp-json\/wp\/v2\/comments?post=5301"}],"version-history":[{"count":2,"href":"https:\/\/www.frutadovale.com.br\/2013\/wp-json\/wp\/v2\/posts\/5301\/revisions"}],"predecessor-version":[{"id":5304,"href":"https:\/\/www.frutadovale.com.br\/2013\/wp-json\/wp\/v2\/posts\/5301\/revisions\/5304"}],"wp:attachment":[{"href":"https:\/\/www.frutadovale.com.br\/2013\/wp-json\/wp\/v2\/media?parent=5301"}],"wp:term":[{"taxonomy":"category","embeddable":true,"href":"https:\/\/www.frutadovale.com.br\/2013\/wp-json\/wp\/v2\/categories?post=5301"},{"taxonomy":"post_tag","embeddable":true,"href":"https:\/\/www.frutadovale.com.br\/2013\/wp-json\/wp\/v2\/tags?post=5301"}],"curies":[{"name":"wp","href":"https:\/\/api.w.org\/{rel}","templated":true}]}}