{"id":5249,"date":"2017-12-13T07:47:48","date_gmt":"2017-12-13T10:47:48","guid":{"rendered":"https:\/\/www.frutadovale.com.br\/2013\/?p=5249"},"modified":"2017-12-13T07:47:48","modified_gmt":"2017-12-13T10:47:48","slug":"embrapa-cerrados-lanca-cultivar-de-maracuja-doce","status":"publish","type":"post","link":"https:\/\/www.frutadovale.com.br\/2013\/2017\/12\/13\/embrapa-cerrados-lanca-cultivar-de-maracuja-doce\/","title":{"rendered":"Embrapa Cerrados lan\u00e7a cultivar de maracuj\u00e1 doce"},"content":{"rendered":"<p>A cultivar de maracuj\u00e1 doce BRS Mel do Cerrado ser\u00e1 lan\u00e7ada no dia 13 de dezembro, na Embrapa Cerrados (Planaltina-DF). Essa \u00e9 a primeira cultivar da esp\u00e9ciePassiflora alata Curtis destinada ao mercado de frutas especiais de alto valor agregado, como op\u00e7\u00e3o para fruticultores altamente tecnificados e para cultivo em estufa, onde pode-se obter frutos de alta qualidade. Tamb\u00e9m \u00e9 uma alternativa para pequenos produtores e para a agricultura praticada em s\u00edtios, ch\u00e1caras e ambiente urbano.<\/p>\n<p>As principais caracter\u00edsticas dessa cultivar, trabalhadas no melhoramento gen\u00e9tico, s\u00e3o alta produtividade, qualidade f\u00edsica e qu\u00edmica de frutos e maior n\u00edvel de resist\u00eancia \u00e0 bacteriose e virose. Com cor exuberante (vermelho arroxeada), a cultivar \u00e9 indicada para uso na fruticultura ornamental, com utiliza\u00e7\u00e3o das flores, frutos e da pr\u00f3pria planta no paisagismo de grandes \u00e1reas como cercas e p\u00e9rgulas.<\/p>\n<p>Lan\u00e7amento &#8211; a abertura do evento acontecer\u00e1 \u00e0s 9 h, no audit\u00f3rio Wenceslau Goedert, na Embrapa Cerrados. A primeira palestra, \u00e0s 9h30, ser\u00e1 do pesquisador da Embrapa Cerrados F\u00e1bio Faleiro. Ele falar\u00e1 sobre o programa de melhoramento gen\u00e9tico do maracujazeiro na Embrapa. A cultivar BRS Mel do Cerrado foi obtida por meio do melhoramento gen\u00e9tico visando ao aumento de produtividade, frutos com adequadas caracter\u00edsticas f\u00edsicas e qu\u00edmicas e maior toler\u00e2ncia a doen\u00e7as.<\/p>\n<p>Ap\u00f3s apresenta\u00e7\u00e3o de v\u00eddeo sobre a cultivar BRS Mel do Cerrado, haver\u00e1, \u00e0s 10h, palestra do pesquisador da Embrapa Cerrados Nilton Junqueira sobre sistema de produ\u00e7\u00e3o do maracujazeiro doce. Em seguida, \u00e0s 10h20, a pesquisadora Ana Maria Costa, tamb\u00e9m da Embrapa Cerrados, falar\u00e1 sobre o desenvolvimento tecnol\u00f3gico do maracujazeiro doce. A parceria p\u00fablico-privada para produ\u00e7\u00e3o de sementes e mudas de maracuj\u00e1 ser\u00e1 abordada por Isaac de Almeida, da Embrapa Produtos e Mercados.<\/p>\n<p>Consta ainda na programa\u00e7\u00e3o de lan\u00e7amento, debate entre os participantes. Os interessados em participar do evento devem fazer a inscri\u00e7\u00e3o at\u00e9 12 de dezembro pelo telefone (61) 3388-9931 ou e-mail cerrados.eventos@embrapa.br.<\/p>\n<p>Servi\u00e7o:<\/p>\n<p>Lan\u00e7amento maracuj\u00e1 BRS Mel do Cerrado<\/p>\n<p>Data: 13 de dezembro<\/p>\n<p>Hor\u00e1rio: A partir das 8h30<\/p>\n<p>Local: Embrapa Cerrados &#8211; Rodovia BR 020, Km 18, Planaltina &#8211; DF<\/p>\n","protected":false},"excerpt":{"rendered":"<p>A cultivar de maracuj\u00e1 doce BRS Mel do Cerrado ser\u00e1 lan\u00e7ada no dia 13 de dezembro, na Embrapa Cerrados (Planaltina-DF). Essa \u00e9 a primeira cultivar da esp\u00e9ciePassiflora alata Curtis destinada ao mercado de frutas especiais de alto valor agregado, como op\u00e7\u00e3o para fruticultores altamente tecnificados e para cultivo em estufa, onde pode-se obter frutos de [&hellip;]<\/p>\n","protected":false},"author":1,"featured_media":0,"comment_status":"open","ping_status":"open","sticky":false,"template":"","format":"standard","meta":[],"categories":[4],"tags":[],"_links":{"self":[{"href":"https:\/\/www.frutadovale.com.br\/2013\/wp-json\/wp\/v2\/posts\/5249"}],"collection":[{"href":"https:\/\/www.frutadovale.com.br\/2013\/wp-json\/wp\/v2\/posts"}],"about":[{"href":"https:\/\/www.frutadovale.com.br\/2013\/wp-json\/wp\/v2\/types\/post"}],"author":[{"embeddable":true,"href":"https:\/\/www.frutadovale.com.br\/2013\/wp-json\/wp\/v2\/users\/1"}],"replies":[{"embeddable":true,"href":"https:\/\/www.frutadovale.com.br\/2013\/wp-json\/wp\/v2\/comments?post=5249"}],"version-history":[{"count":2,"href":"https:\/\/www.frutadovale.com.br\/2013\/wp-json\/wp\/v2\/posts\/5249\/revisions"}],"predecessor-version":[{"id":5252,"href":"https:\/\/www.frutadovale.com.br\/2013\/wp-json\/wp\/v2\/posts\/5249\/revisions\/5252"}],"wp:attachment":[{"href":"https:\/\/www.frutadovale.com.br\/2013\/wp-json\/wp\/v2\/media?parent=5249"}],"wp:term":[{"taxonomy":"category","embeddable":true,"href":"https:\/\/www.frutadovale.com.br\/2013\/wp-json\/wp\/v2\/categories?post=5249"},{"taxonomy":"post_tag","embeddable":true,"href":"https:\/\/www.frutadovale.com.br\/2013\/wp-json\/wp\/v2\/tags?post=5249"}],"curies":[{"name":"wp","href":"https:\/\/api.w.org\/{rel}","templated":true}]}}