{"id":5214,"date":"2017-11-27T20:17:46","date_gmt":"2017-11-27T23:17:46","guid":{"rendered":"https:\/\/www.frutadovale.com.br\/2013\/?p=5214"},"modified":"2017-11-27T20:17:46","modified_gmt":"2017-11-27T23:17:46","slug":"o-que-ha-em-comum-entre-o-cafe-conillon-e-o-mamao-no-espirito-santo","status":"publish","type":"post","link":"https:\/\/www.frutadovale.com.br\/2013\/2017\/11\/27\/o-que-ha-em-comum-entre-o-cafe-conillon-e-o-mamao-no-espirito-santo\/","title":{"rendered":"O que h\u00e1 em comum entre o caf\u00e9 conillon e o mam\u00e3o no Esp\u00edrito Santo?"},"content":{"rendered":"<p>&#8220;A consorcia\u00e7\u00e3o da bebida com a fruta tem proporcionado ganhos importantes de produtividade para os agricultores do estado&#8221;, informa Antonio Coutinho, diretor de marketing da Brandt do Brasil, uma das maiores fornecedoras de fertilizantes do mundo, j\u00e1 presente no mercado capixaba h\u00e1 mais de um ano, levando apoio t\u00e9cnico e comercial para os produtores rurais.<\/p>\n<p>&#8220;Produtivo em temperaturas mais elevadas, o caf\u00e9 conilon ganhou espa\u00e7o no estado, segundo maior produtor de caf\u00e9 do Brasil, com cerca de 25% da colheita nacional. O ES tamb\u00e9m \u00e9 o 2\u00ba maior exportador de mam\u00e3o, fruta que ocupa 6 mil hectares cultivados, a maior parte da \u00e1rea destinada ao mercado externo. A fruta \u00e9 cada vez mais utilizada em consorcia\u00e7\u00e3o com o caf\u00e9 no per\u00edodo de implanta\u00e7\u00e3o da cultura&#8221;, explica Coutinho.<\/p>\n<p>O especialista da Brandt destaca que a cafeicultura e a fruticultura capixaba t\u00eam enfrentado dificuldades nos \u00faltimos anos em decorr\u00eancia de um longo per\u00edodo de estiagem e d\u00e9ficit h\u00eddrico. &#8220;Os problemas decorrentes da baixa precipita\u00e7\u00e3o atingiram, inclusive, as propriedades irrigadas, pois a baixa vaz\u00e3o dos rios impede ou limita o uso da \u00e1gua na irriga\u00e7\u00e3o. As principais atividades agr\u00edcolas da regi\u00e3o, como a cafeicultura e a fruticultura, foram enormemente prejudicadas com amplo reflexo na comercializa\u00e7\u00e3o de insumos agr\u00edcolas. Por esse motivo, o cuidado com a nutri\u00e7\u00e3o vegetal ganha muita relev\u00e2ncia. Em alguns casos, est\u00e1 ligada \u00e0 pr\u00f3pria sobreviv\u00eancia do projeto&#8221;, comenta Antonio Coutinho.<\/p>\n<p>Pressionados pelas adversidades clim\u00e1ticas, muitos cafeicultores capixabas come\u00e7aram a cultivar mam\u00e3o em suas propriedades. O cons\u00f3rcio surte bons resultados porque o mam\u00e3o cresce antes do caf\u00e9 e, assim, sombreia o p\u00e9 de caf\u00e9 nas etapas inicias do ciclo. &#8220;Essa associa\u00e7\u00e3o tem crescido muito no Esp\u00edrito Santo, porque proporciona benef\u00edcio duplo ao produtor: o mam\u00e3o tem ciclo mais r\u00e1pido e faz sombra para o caf\u00e9; al\u00e9m disso, tamb\u00e9m ajuda a viabilizar economicamente a propriedade&#8221;, explica Antonio Coutinho.<\/p>\n<p>A Brandt do Brasil tem ampla linha de insumos para a cafeicultura, como SMART TRIO\u00ae, que aumenta a sa\u00fade vegetal, corrige defici\u00eancias de nutrientes e torna mais eficientes as aplica\u00e7\u00f5es foliares, ajudando a mitigar o estresse das plantas cultivadas causado por herbicidas p\u00f3s-emergentes; MANNI-PLEX B MOLY\u00ae cont\u00e9m dois micronutrientes-chave: Boro (B) e Molibd\u00eanio (Mo), que ajudam as plantas a converter o nitrog\u00eanio em am\u00f4nia e, assim, melhorar o metabolismo do mesmo, auxiliando a produ\u00e7\u00e3o do tubo pol\u00ednico, que proporciona melhor florescimento, frutifica\u00e7\u00e3o e aumento de produtividade.<\/p>\n<p>&#8220;Vamos aumentar ainda mais nosso portf\u00f3lio, com op\u00e7\u00f5es variadas para servir o mercado de cafeicultura e a fruticultura, focando na inova\u00e7\u00e3o a fim de ofertar solu\u00e7\u00f5es mais eficientes aos produtores rurais&#8221;, conclui Antonio Coutinho.<\/p>\n","protected":false},"excerpt":{"rendered":"<p>&#8220;A consorcia\u00e7\u00e3o da bebida com a fruta tem proporcionado ganhos importantes de produtividade para os agricultores do estado&#8221;, informa Antonio Coutinho, diretor de marketing da Brandt do Brasil, uma das maiores fornecedoras de fertilizantes do mundo, j\u00e1 presente no mercado capixaba h\u00e1 mais de um ano, levando apoio t\u00e9cnico e comercial para os produtores rurais. [&hellip;]<\/p>\n","protected":false},"author":1,"featured_media":0,"comment_status":"open","ping_status":"open","sticky":false,"template":"","format":"standard","meta":[],"categories":[4],"tags":[],"_links":{"self":[{"href":"https:\/\/www.frutadovale.com.br\/2013\/wp-json\/wp\/v2\/posts\/5214"}],"collection":[{"href":"https:\/\/www.frutadovale.com.br\/2013\/wp-json\/wp\/v2\/posts"}],"about":[{"href":"https:\/\/www.frutadovale.com.br\/2013\/wp-json\/wp\/v2\/types\/post"}],"author":[{"embeddable":true,"href":"https:\/\/www.frutadovale.com.br\/2013\/wp-json\/wp\/v2\/users\/1"}],"replies":[{"embeddable":true,"href":"https:\/\/www.frutadovale.com.br\/2013\/wp-json\/wp\/v2\/comments?post=5214"}],"version-history":[{"count":2,"href":"https:\/\/www.frutadovale.com.br\/2013\/wp-json\/wp\/v2\/posts\/5214\/revisions"}],"predecessor-version":[{"id":5216,"href":"https:\/\/www.frutadovale.com.br\/2013\/wp-json\/wp\/v2\/posts\/5214\/revisions\/5216"}],"wp:attachment":[{"href":"https:\/\/www.frutadovale.com.br\/2013\/wp-json\/wp\/v2\/media?parent=5214"}],"wp:term":[{"taxonomy":"category","embeddable":true,"href":"https:\/\/www.frutadovale.com.br\/2013\/wp-json\/wp\/v2\/categories?post=5214"},{"taxonomy":"post_tag","embeddable":true,"href":"https:\/\/www.frutadovale.com.br\/2013\/wp-json\/wp\/v2\/tags?post=5214"}],"curies":[{"name":"wp","href":"https:\/\/api.w.org\/{rel}","templated":true}]}}