{"id":5195,"date":"2017-11-15T18:42:22","date_gmt":"2017-11-15T21:42:22","guid":{"rendered":"https:\/\/www.frutadovale.com.br\/2013\/?p=5195"},"modified":"2017-11-15T18:42:22","modified_gmt":"2017-11-15T21:42:22","slug":"2a-tecnovitis-feira-de-tecnologia-para-viticultura","status":"publish","type":"post","link":"https:\/\/www.frutadovale.com.br\/2013\/2017\/11\/15\/2a-tecnovitis-feira-de-tecnologia-para-viticultura\/","title":{"rendered":"2\u00aa Tecnovitis &#8211; Feira de tecnologia para viticultura"},"content":{"rendered":"<p>V\u00e1rios Semin\u00e1rios T\u00e9cnicos ir\u00e3o marcar a programa\u00e7\u00e3o da 2\u00aa Tecnovitis &#8211; Feira de Tecnologia para Viticultura, que acontecer\u00e1 de 6 a 8 de dezembro, no Vale dos Vinhedos, em Bento Gon\u00e7alves. Os semin\u00e1rios acontecer\u00e3o no Centro de Eventos do Villa Michelon, das 8h \u00e0s 10h30.<br \/>\nO tema do primeiro dia (06\/12) ser\u00e1 a legisla\u00e7\u00e3o, com a abordagem do registro do vinho colonial, Simples Nacional e as mudan\u00e7as recentes na legisla\u00e7\u00e3o da vitivinicultura. A Emater\/RS-Ascar, que \u00e9 apoiadora do evento, ir\u00e1 abordar a quest\u00e3o do registro do vinho colonial.<br \/>\nA arte da elabora\u00e7\u00e3o de vinhos est\u00e1 presente na cultura brasileira e ga\u00facha desde o in\u00edcio da coloniza\u00e7\u00e3o do Rio Grande do Sul. O plantio de uvas e a elabora\u00e7\u00e3o de vinhos propiciaram o surgimento de in\u00fameras vin\u00edcolas, que hoje respondem por mais de 90% da produ\u00e7\u00e3o nacional de vinhos. Por\u00e9m, a legisla\u00e7\u00e3o para o registro de pequenas vin\u00edcolas seguia a mesma legisla\u00e7\u00e3o das grandes ind\u00fastrias. Com o esfor\u00e7o de v\u00e1rias entidades ligadas \u00e0 agricultura familiar, foi poss\u00edvel criar uma legisla\u00e7\u00e3o espec\u00edfica para o registro das vin\u00edcolas familiares. Essa legisla\u00e7\u00e3o foi aplicada a campo atrav\u00e9s de um Projeto Piloto de Registro de Vin\u00edcolas Coloniais, coordenado pela Emater\/RS-Ascar, em algumas propriedades familiares de Bento Gon\u00e7alves e regi\u00e3o, com o objetivo de nivelar os procedimentos com as entidades ligadas \u00e0 orienta\u00e7\u00e3o, registro, fiscaliza\u00e7\u00e3o e respons\u00e1veis t\u00e9cnicos. Com o objetivo de relatar as experi\u00eancias no registro das vin\u00edcolas coloniais do projeto piloto e os procedimentos que ser\u00e3o sugeridos nos futuros registros, o en\u00f3logo da Emater\/RS-Ascar, Thompsson Didon\u00e9, ir\u00e1 apresentar o projeto.<br \/>\nNo segundo dia (07\/12), o semin\u00e1rio ter\u00e1 como tema central as Boas Pr\u00e1ticas na Viticultura, destacando a quest\u00e3o dos dep\u00f3sitos de agrot\u00f3xicos\/defensivos agr\u00edcolas, o PAS UVA &#8211; Rastreabilidade, e a Produ\u00e7\u00e3o Integrada de Uvas para Processamento (PIUP). No dia 08, estar\u00e3o em foco os org\u00e2nicos: insumos e produ\u00e7\u00e3o org\u00e2nica em parreirais cobertos, experi\u00eancias (cases) de produ\u00e7\u00e3o org\u00e2nica, viticultura biodin\u00e2mica e manejo na cobertura.<br \/>\nA participa\u00e7\u00e3o nos Semin\u00e1rios T\u00e9cnicos se dar\u00e1 mediante inscri\u00e7\u00e3o antecipada gratuita, em link espec\u00edfico para tal, no site Tecnovitis 2017 (www.tecnovitis.com.br). Os semin\u00e1rios t\u00eam estimativa de participa\u00e7\u00e3o 300 pessoas por evento, totalizando 900 participantes.<br \/>\nPalestras t\u00e9cnicas &#8211; A Tecnovitis ter\u00e1 ainda palestras t\u00e9cnicas, que ser\u00e3o realizadas em pavilh\u00e3o de lona, simult\u00e2neas \u00e0 realiza\u00e7\u00e3o da feira, em intervalos de 30 minutos, durante todo o per\u00edodo do evento. Parte das abordagens ser\u00e1 realizada pelos expositores, as demais ser\u00e3o realizadas por palestrantes t\u00e9cnicos.<br \/>\nOs erros mais comuns na pulveriza\u00e7\u00e3o da videira, a moderniza\u00e7\u00e3o da colheita e da log\u00edstica, a seguran\u00e7a do trabalho no campo e a enxertia verde ser\u00e3o abordados no primeiro dia da feira (06\/12). Na quinta-feira (07\/12), os assuntos ser\u00e3o o preparo de caldas org\u00e2nicas, a qualidade de mudas e doen\u00e7a do tronco e o manejo em ambiente protegido. E no \u00faltimo dia (08\/12), as palestras ir\u00e3o tratar da aduba\u00e7\u00e3o na reconvers\u00e3o de vinhedos, identifica\u00e7\u00e3o e preven\u00e7\u00e3o das viroses nos vinhedos e ac\u00famulo de cobre no solo.<\/p>\n","protected":false},"excerpt":{"rendered":"<p>V\u00e1rios Semin\u00e1rios T\u00e9cnicos ir\u00e3o marcar a programa\u00e7\u00e3o da 2\u00aa Tecnovitis &#8211; Feira de Tecnologia para Viticultura, que acontecer\u00e1 de 6 a 8 de dezembro, no Vale dos Vinhedos, em Bento Gon\u00e7alves. Os semin\u00e1rios acontecer\u00e3o no Centro de Eventos do Villa Michelon, das 8h \u00e0s 10h30. O tema do primeiro dia (06\/12) ser\u00e1 a legisla\u00e7\u00e3o, com [&hellip;]<\/p>\n","protected":false},"author":1,"featured_media":0,"comment_status":"open","ping_status":"open","sticky":false,"template":"","format":"standard","meta":[],"categories":[4],"tags":[],"_links":{"self":[{"href":"https:\/\/www.frutadovale.com.br\/2013\/wp-json\/wp\/v2\/posts\/5195"}],"collection":[{"href":"https:\/\/www.frutadovale.com.br\/2013\/wp-json\/wp\/v2\/posts"}],"about":[{"href":"https:\/\/www.frutadovale.com.br\/2013\/wp-json\/wp\/v2\/types\/post"}],"author":[{"embeddable":true,"href":"https:\/\/www.frutadovale.com.br\/2013\/wp-json\/wp\/v2\/users\/1"}],"replies":[{"embeddable":true,"href":"https:\/\/www.frutadovale.com.br\/2013\/wp-json\/wp\/v2\/comments?post=5195"}],"version-history":[{"count":4,"href":"https:\/\/www.frutadovale.com.br\/2013\/wp-json\/wp\/v2\/posts\/5195\/revisions"}],"predecessor-version":[{"id":5199,"href":"https:\/\/www.frutadovale.com.br\/2013\/wp-json\/wp\/v2\/posts\/5195\/revisions\/5199"}],"wp:attachment":[{"href":"https:\/\/www.frutadovale.com.br\/2013\/wp-json\/wp\/v2\/media?parent=5195"}],"wp:term":[{"taxonomy":"category","embeddable":true,"href":"https:\/\/www.frutadovale.com.br\/2013\/wp-json\/wp\/v2\/categories?post=5195"},{"taxonomy":"post_tag","embeddable":true,"href":"https:\/\/www.frutadovale.com.br\/2013\/wp-json\/wp\/v2\/tags?post=5195"}],"curies":[{"name":"wp","href":"https:\/\/api.w.org\/{rel}","templated":true}]}}