{"id":5191,"date":"2017-11-12T22:02:01","date_gmt":"2017-11-13T01:02:01","guid":{"rendered":"https:\/\/www.frutadovale.com.br\/2013\/?p=5191"},"modified":"2017-11-12T22:21:04","modified_gmt":"2017-11-13T01:21:04","slug":"pouco-frio-neste-ano-alterou-o-cultivo-das-frutas","status":"publish","type":"post","link":"https:\/\/www.frutadovale.com.br\/2013\/2017\/11\/12\/pouco-frio-neste-ano-alterou-o-cultivo-das-frutas\/","title":{"rendered":"Pouco frio neste ano alterou o cultivo das frutas"},"content":{"rendered":"<p>As estripulias do \u00faltimo inverno no Rio Grande do Sul, com temperaturas superiores \u00e0s esperadas para a \u00e9poca e poucos dias frios, provocaram problemas para o cultivo das frutas de clima temperado. Produtores de uva, ma\u00e7\u00e3 e p\u00eassego admitem que a colheita ser\u00e1 de 30% a 40% menor que a esperada. Como consequ\u00eancia da flora\u00e7\u00e3o e da brota\u00e7\u00e3o precoces, o crescimento das frutas perdeu a uniformidade. Isso n\u00e3o deve afetar a qualidade, mas vai reduzir a quantidade da colheita, segundo avalia\u00e7\u00e3o dos agricultores.<\/p>\n<p>&#8220;\u00c9 um preju\u00edzo que j\u00e1 est\u00e1 consolidado e n\u00e3o h\u00e1 o que o produtor possa fazer, a n\u00e3o ser esperar que nada mais de ruim aconte\u00e7a&#8221;, analisa Derli Bonine, assistente t\u00e9cnico regional da Emater em Lajeado. Neste momento, tempestades e queda de granizo s\u00e3o a maior preocupa\u00e7\u00e3o, revela.<\/p>\n<p>Tradicional na zona Sul de Porto Alegre, o cultivo do p\u00eassego de mesa foi prejudicado neste ano em raz\u00e3o da falta de frio. Em 2016, os produtores da Capital colheram 200 toneladas das variedades branca e amarela, consumidas essencialmente pelo mercado local. Os pre\u00e7os variaram entre R$ 3,50 e R$ 5,50 o quilo. Neste ano, avalia o assistente t\u00e9cnico do escrit\u00f3rio municipal da Emater, Luis Paulo Vieira Ramos, a produ\u00e7\u00e3o n\u00e3o dever\u00e1 passar das 160 toneladas nos 20 hectares de pomares mantidos por oito produtores. As variedades da Capital necessitam de 150 a 250 horas de temperaturas abaixo de 10 graus Celsius, mas no inverno deste ano ocorreram menos de 100 horas.<\/p>\n<p>A colheita j\u00e1 come\u00e7ou, mas se intensifica em novembro. &#8220;Algumas variedades realmente floresceram mais cedo&#8221;, constata Ramos. &#8220;Isso atrapalhou o desenvolvimento delas e exigiu mais cuidados no manejo.&#8221; O assistente t\u00e9cnico ressalta que, al\u00e9m da aus\u00eancia do frio interferir no desenvolvimento das frutas, as temperaturas altas facilitam a prolifera\u00e7\u00e3o de insetos, o que requer aten\u00e7\u00e3o redobrada do produtor com a prote\u00e7\u00e3o do pomar. N\u00e3o \u00e9 s\u00f3 o p\u00eassego que sofreu com a temperatura. &#8220;Temos aqui na zona Sul (de Porto Alegre) tamb\u00e9m um pequeno cultivo de pera que ser\u00e1 muito prejudicado pelo inverno at\u00edpico&#8221;<\/p>\n","protected":false},"excerpt":{"rendered":"<p>As estripulias do \u00faltimo inverno no Rio Grande do Sul, com temperaturas superiores \u00e0s esperadas para a \u00e9poca e poucos dias frios, provocaram problemas para o cultivo das frutas de clima temperado. Produtores de uva, ma\u00e7\u00e3 e p\u00eassego admitem que a colheita ser\u00e1 de 30% a 40% menor que a esperada. Como consequ\u00eancia da flora\u00e7\u00e3o [&hellip;]<\/p>\n","protected":false},"author":1,"featured_media":0,"comment_status":"open","ping_status":"open","sticky":false,"template":"","format":"standard","meta":[],"categories":[4],"tags":[],"_links":{"self":[{"href":"https:\/\/www.frutadovale.com.br\/2013\/wp-json\/wp\/v2\/posts\/5191"}],"collection":[{"href":"https:\/\/www.frutadovale.com.br\/2013\/wp-json\/wp\/v2\/posts"}],"about":[{"href":"https:\/\/www.frutadovale.com.br\/2013\/wp-json\/wp\/v2\/types\/post"}],"author":[{"embeddable":true,"href":"https:\/\/www.frutadovale.com.br\/2013\/wp-json\/wp\/v2\/users\/1"}],"replies":[{"embeddable":true,"href":"https:\/\/www.frutadovale.com.br\/2013\/wp-json\/wp\/v2\/comments?post=5191"}],"version-history":[{"count":3,"href":"https:\/\/www.frutadovale.com.br\/2013\/wp-json\/wp\/v2\/posts\/5191\/revisions"}],"predecessor-version":[{"id":5193,"href":"https:\/\/www.frutadovale.com.br\/2013\/wp-json\/wp\/v2\/posts\/5191\/revisions\/5193"}],"wp:attachment":[{"href":"https:\/\/www.frutadovale.com.br\/2013\/wp-json\/wp\/v2\/media?parent=5191"}],"wp:term":[{"taxonomy":"category","embeddable":true,"href":"https:\/\/www.frutadovale.com.br\/2013\/wp-json\/wp\/v2\/categories?post=5191"},{"taxonomy":"post_tag","embeddable":true,"href":"https:\/\/www.frutadovale.com.br\/2013\/wp-json\/wp\/v2\/tags?post=5191"}],"curies":[{"name":"wp","href":"https:\/\/api.w.org\/{rel}","templated":true}]}}