{"id":5176,"date":"2017-11-07T22:01:00","date_gmt":"2017-11-08T01:01:00","guid":{"rendered":"https:\/\/www.frutadovale.com.br\/2013\/?p=5176"},"modified":"2017-11-07T22:19:06","modified_gmt":"2017-11-08T01:19:06","slug":"reuniao-tecnica-sobre-nogueira-peca-e-oliveira","status":"publish","type":"post","link":"https:\/\/www.frutadovale.com.br\/2013\/2017\/11\/07\/reuniao-tecnica-sobre-nogueira-peca-e-oliveira\/","title":{"rendered":"Reuni\u00e3o t\u00e9cnica sobre nogueira pec\u00e3 e oliveira"},"content":{"rendered":"<p>Reuni\u00e3o t\u00e9cnica sobre as culturas da nogueira pec\u00e3 e oliveira, cultivos que t\u00eam apresentado grande import\u00e2ncia para a economia de v\u00e1rios munic\u00edpios do Sul do Brasil, est\u00e1 programada para acontecer no dia 9 de novembro, quinta-feira, no munic\u00edpio de Santiago, no Vale do Jaguari, promovida pela Emater\/RS-Ascar.<br \/>\n<strong>A reuni\u00e3o ter\u00e1 como base o Programa de Olivicultura (Pr\u00f3-Oliva) e o Programa de Pecanicultura (Pr\u00f3-Pec\u00e3), do Governo do Estado, atrav\u00e9s da Secretaria Estadual da Agricultura, Pecu\u00e1ria e Irriga\u00e7\u00e3o (Seapi\/RS). O evento ser\u00e1 realizado no audit\u00f3rio do Sindicato Rural de Santiago, na parte da tarde. A abertura ser\u00e1 \u00e0s 13h30, seguida de palestra sobre os programas de desenvolvimento da pecanicultura e da olivicultura da Seapi\/RS, ministrada pelo assistente t\u00e9cnico de Produ\u00e7\u00e3o Vegetal do Escrit\u00f3rio Regional da Emater\/RS-Ascar de Santa Maria, engenheiro agr\u00f4nomo Alfredo Schons.<\/strong><\/p>\n<p>\u00c0s 14h30, haver\u00e1 palestra sobre Produ\u00e7\u00e3o de Oliva no RS, com o assistente t\u00e9cnico de Produ\u00e7\u00e3o Vegetal do Escrit\u00f3rio Regional da Emater\/RS-Ascar de Bag\u00e9, engenheiro agr\u00f4nomo Edison Luiz Batista Dornelles. \u00c0s 15h30, a palestra ser\u00e1 sobre Produ\u00e7\u00e3o de Noz Pec\u00e3 no RS, com o professor do Col\u00e9gio Polit\u00e9cnico da Universidade Federal de Santa Maria, (Ufsm), engenheiro agr\u00f4nomo Diniz Fronza. O encerramento est\u00e1 previsto para as 16h30.<\/p>\n<p><strong>Programas &#8211; <\/strong>Com o objetivo de fomentar, apoiar os produtores e consolidar a olivicultura, o Governador Jos\u00e9 Ivo Sartori e o Secret\u00e1rio da Agricultura Ernani Polo lan\u00e7aram em 29 de julho de 2015, no Pal\u00e1cio Piratini, o Programa Estadual de Desenvolvimento da Olivicultura (Pr\u00f3-Oliva). J\u00e1 o Programa Estadual de Desenvolvimento da Pecanicultura (Pr\u00f3-Pec\u00e3) foi lan\u00e7ado em 2017, durante a Fenasul\/Expoleite, junto com a instala\u00e7\u00e3o da C\u00e2mara Setorial da Noz-Pec\u00e3. Seu principal objetivo \u00e9 aumentar a \u00e1rea cultivada e a produ\u00e7\u00e3o de frutos de noz-pec\u00e3, gerando emprego e renda no meio rural e incentivando as agroind\u00fastrias de beneficiamento e fornecedores de equipamentos para essa cadeia produtiva no Estado do Rio Grande do Sul.<\/p>\n","protected":false},"excerpt":{"rendered":"<p>Reuni\u00e3o t\u00e9cnica sobre as culturas da nogueira pec\u00e3 e oliveira, cultivos que t\u00eam apresentado grande import\u00e2ncia para a economia de v\u00e1rios munic\u00edpios do Sul do Brasil, est\u00e1 programada para acontecer no dia 9 de novembro, quinta-feira, no munic\u00edpio de Santiago, no Vale do Jaguari, promovida pela Emater\/RS-Ascar. A reuni\u00e3o ter\u00e1 como base o Programa de [&hellip;]<\/p>\n","protected":false},"author":1,"featured_media":0,"comment_status":"open","ping_status":"open","sticky":false,"template":"","format":"standard","meta":[],"categories":[4],"tags":[],"_links":{"self":[{"href":"https:\/\/www.frutadovale.com.br\/2013\/wp-json\/wp\/v2\/posts\/5176"}],"collection":[{"href":"https:\/\/www.frutadovale.com.br\/2013\/wp-json\/wp\/v2\/posts"}],"about":[{"href":"https:\/\/www.frutadovale.com.br\/2013\/wp-json\/wp\/v2\/types\/post"}],"author":[{"embeddable":true,"href":"https:\/\/www.frutadovale.com.br\/2013\/wp-json\/wp\/v2\/users\/1"}],"replies":[{"embeddable":true,"href":"https:\/\/www.frutadovale.com.br\/2013\/wp-json\/wp\/v2\/comments?post=5176"}],"version-history":[{"count":3,"href":"https:\/\/www.frutadovale.com.br\/2013\/wp-json\/wp\/v2\/posts\/5176\/revisions"}],"predecessor-version":[{"id":5179,"href":"https:\/\/www.frutadovale.com.br\/2013\/wp-json\/wp\/v2\/posts\/5176\/revisions\/5179"}],"wp:attachment":[{"href":"https:\/\/www.frutadovale.com.br\/2013\/wp-json\/wp\/v2\/media?parent=5176"}],"wp:term":[{"taxonomy":"category","embeddable":true,"href":"https:\/\/www.frutadovale.com.br\/2013\/wp-json\/wp\/v2\/categories?post=5176"},{"taxonomy":"post_tag","embeddable":true,"href":"https:\/\/www.frutadovale.com.br\/2013\/wp-json\/wp\/v2\/tags?post=5176"}],"curies":[{"name":"wp","href":"https:\/\/api.w.org\/{rel}","templated":true}]}}