{"id":5143,"date":"2017-10-29T22:01:55","date_gmt":"2017-10-30T01:01:55","guid":{"rendered":"https:\/\/www.frutadovale.com.br\/2013\/?p=5143"},"modified":"2017-10-29T22:36:42","modified_gmt":"2017-10-30T01:36:42","slug":"pernambuco-recebe-autorizacao-para-exportar-frutas-citricas","status":"publish","type":"post","link":"https:\/\/www.frutadovale.com.br\/2013\/2017\/10\/29\/pernambuco-recebe-autorizacao-para-exportar-frutas-citricas\/","title":{"rendered":"Pernambuco recebe autoriza\u00e7\u00e3o para exportar frutas c\u00edtricas"},"content":{"rendered":"<p>A libera\u00e7\u00e3o, para o Estado comercializar frutas c\u00edtricas, veio com o recebimento do t\u00edtulo de \u00e1rea com praga ausente para o cancro c\u00edtrico, na \u00faltima semana. A venda estava suspensa desde mar\u00e7o, deste ano.  A praga, que afeta todas as esp\u00e9cies e variedades de citro, passou a ser combatida com mais rigor pelo Minist\u00e9rio de Agricultura, Pecu\u00e1ria de Abastecimento (Mapa), no in\u00edcio deste ano. De acordo com o presidente da Federa\u00e7\u00e3o da Agricultura do Estado de Pernambuco (FAEPE), Pio Guerra, a expectativa \u00e9 de aumento da produ\u00e7\u00e3o, a partir do ano que vem.<\/p>\n<p>Isso porque, com o status de \u00e1rea livre da doen\u00e7a, o Estado ter\u00e1 maior facilidade de acessar o mercado externo, tendo em vista que, o cancro c\u00edtrico \u00e9 uma das principais barreiras fitossanit\u00e1rias para as frutas c\u00edtricas brasileiras. Pernambuco ainda figura com baixa produ\u00e7\u00e3o em compara\u00e7\u00e3o com outros estados produtores.<\/p>\n<p>Dados do IBGE indicam que o Estado produziu 3.041 toneladas de laranja e 1.617 toneladas de lim\u00e3o, em 2015. A medida amplia possibilidades de produ\u00e7\u00e3o na Zona da Mata e no Vale do S\u00e3o Francisco. &#8220;O t\u00edtulo de \u00e1rea com praga ausente para o cancro c\u00edtrico \u00e9 um grande avan\u00e7o, que garante ao produtor, j\u00e1 estabelecido em Pernambuco, potencializar a produ\u00e7\u00e3o, e ainda traz vantagens competitivas sobre os outros estados&#8221;, afirmou o presidente.<\/p>\n<p>No cen\u00e1rio regional, os n\u00fameros apontam o Estado de Sergipe como o maior fornecedor do Nordeste, sendo respons\u00e1vel pela distribui\u00e7\u00e3o de quase 300 mil toneladas de laranjas pera, entre 2012 e 2016, seguido da Bahia. J\u00e1 em n\u00edvel nacional, S\u00e3o Paulo, Minas Gerais e Paran\u00e1 s\u00e3o os maiores produtores e exportadores de citros do Pa\u00eds. &#8220;Muitos estados produtores s\u00e3o considerados \u00e1reas afetadas pelo cancro c\u00edtrico por apresentarem grande incid\u00eancia da praga em seus pomares, elevando os custos de produ\u00e7\u00e3o e, consequentemente o pre\u00e7o do produto&#8221;, explica Guerra.<\/p>\n<p>O assessor T\u00e9cnico da Comiss\u00e3o Nacional de Fruticultura, da Confedera\u00e7\u00e3o da Agricultura e Pecu\u00e1ria do Brasil (CNA), Eduardo Costa explica que, com t\u00edtulo, Pernambuco tem a possibilidade de se tornar um dos principais fornecedores de laranjas e lim\u00f5es para o mercado interno, e se tornar um grande exportador de citros do Pa\u00eds, atendendo mercados na Uni\u00e3o Europeia, que hoje, \u00e9 o principal destino das frutas brasileiras, sendo respons\u00e1vel por aproximadamente 65% das exporta\u00e7\u00f5es de frutas do Brasil.<\/p>\n","protected":false},"excerpt":{"rendered":"<p>A libera\u00e7\u00e3o, para o Estado comercializar frutas c\u00edtricas, veio com o recebimento do t\u00edtulo de \u00e1rea com praga ausente para o cancro c\u00edtrico, na \u00faltima semana. A venda estava suspensa desde mar\u00e7o, deste ano. A praga, que afeta todas as esp\u00e9cies e variedades de citro, passou a ser combatida com mais rigor pelo Minist\u00e9rio de [&hellip;]<\/p>\n","protected":false},"author":1,"featured_media":0,"comment_status":"open","ping_status":"open","sticky":false,"template":"","format":"standard","meta":[],"categories":[4],"tags":[],"_links":{"self":[{"href":"https:\/\/www.frutadovale.com.br\/2013\/wp-json\/wp\/v2\/posts\/5143"}],"collection":[{"href":"https:\/\/www.frutadovale.com.br\/2013\/wp-json\/wp\/v2\/posts"}],"about":[{"href":"https:\/\/www.frutadovale.com.br\/2013\/wp-json\/wp\/v2\/types\/post"}],"author":[{"embeddable":true,"href":"https:\/\/www.frutadovale.com.br\/2013\/wp-json\/wp\/v2\/users\/1"}],"replies":[{"embeddable":true,"href":"https:\/\/www.frutadovale.com.br\/2013\/wp-json\/wp\/v2\/comments?post=5143"}],"version-history":[{"count":4,"href":"https:\/\/www.frutadovale.com.br\/2013\/wp-json\/wp\/v2\/posts\/5143\/revisions"}],"predecessor-version":[{"id":5147,"href":"https:\/\/www.frutadovale.com.br\/2013\/wp-json\/wp\/v2\/posts\/5143\/revisions\/5147"}],"wp:attachment":[{"href":"https:\/\/www.frutadovale.com.br\/2013\/wp-json\/wp\/v2\/media?parent=5143"}],"wp:term":[{"taxonomy":"category","embeddable":true,"href":"https:\/\/www.frutadovale.com.br\/2013\/wp-json\/wp\/v2\/categories?post=5143"},{"taxonomy":"post_tag","embeddable":true,"href":"https:\/\/www.frutadovale.com.br\/2013\/wp-json\/wp\/v2\/tags?post=5143"}],"curies":[{"name":"wp","href":"https:\/\/api.w.org\/{rel}","templated":true}]}}