{"id":5130,"date":"2017-10-24T22:01:33","date_gmt":"2017-10-25T01:01:33","guid":{"rendered":"https:\/\/www.frutadovale.com.br\/2013\/?p=5130"},"modified":"2017-10-24T22:30:17","modified_gmt":"2017-10-25T01:30:17","slug":"i-simposio-potiguar-de-fruticultura","status":"publish","type":"post","link":"https:\/\/www.frutadovale.com.br\/2013\/2017\/10\/24\/i-simposio-potiguar-de-fruticultura\/","title":{"rendered":"I Simp\u00f3sio Potiguar de Fruticultura"},"content":{"rendered":"<p style=\"text-align: center\"><img decoding=\"async\" loading=\"lazy\" class=\"aligncenter size-full wp-image-5131\" alt=\"simposio-potiguar\" src=\"https:\/\/www.frutadovale.com.br\/2013\/wp-content\/uploads\/2017\/10\/simposio-potiguar.jpg\" width=\"283\" height=\"400\" srcset=\"https:\/\/www.frutadovale.com.br\/2013\/wp-content\/uploads\/2017\/10\/simposio-potiguar.jpg 283w, https:\/\/www.frutadovale.com.br\/2013\/wp-content\/uploads\/2017\/10\/simposio-potiguar-212x300.jpg 212w\" sizes=\"(max-width: 283px) 100vw, 283px\" \/><\/p>\n<p>O I Simp\u00f3sio Potiguar de Fruticultura ser\u00e1 um evento bianual, na qual em sua primeira edi\u00e7\u00e3o, acontecer\u00e1 nos dias 22, 23 e 24 de novembro de 2017.<br \/>\nTendo em vista a import\u00e2ncia da fruticultura na regi\u00e3o Nordeste, sobretudo no estado do Rio Grande do Norte, onde se destaca importantes polos frut\u00edcolas, como o Polo do A\u00e7\u00fa, a regi\u00e3o de Mossor\u00f3 e a chapada do Apodi, com produ\u00e7\u00e3o de frut\u00edferas como Mel\u00e3o, Banana, Mam\u00e3o, Manga, Caj\u00fa, Abacaxi, etc para mercado interno e exporta\u00e7\u00e3o. Dessa forma, alunos e produtores solicitam a academia (UFERSA e demais institui\u00e7\u00f5es de ensino da regi\u00e3o) e secretaria municipal (Prefeitura de Mossor\u00f3) eventos que possam contribuir com tecnologias de produ\u00e7\u00e3o al\u00e9m de dinamizar tal segmento de mercado t\u00e3o significativo para o estado do Rio Grande do Norte e Regi\u00e3o Nordeste.<br \/>\n<strong>O Simp\u00f3sio, em sua primeira edi\u00e7\u00e3o, contar\u00e1 com Mesas Redondas e Oficinas que permitir\u00e3o aos alunos da UFERSA e demais institui\u00e7\u00f5es da regi\u00e3o, maiores informa\u00e7\u00f5es t\u00e9cnicas e cient\u00edficas relevantes sobre o tema<\/strong>. Al\u00e9m deste p\u00fablico o Simp\u00f3sio est\u00e1 voltado tamb\u00e9m para produtores rurais, entidades ligadas ao campo e t\u00e9cnicos. Al\u00e9m das Mesas Redondas e Oficinas ter\u00e1 no Simp\u00f3sio visitas t\u00e9cnicas, que possibilitar\u00e1 ao p\u00fablico maiores informa\u00e7\u00f5es pr\u00e1ticas sobre as principais frut\u00edferas produzidas na regi\u00e3o (banana, manga, goiaba, mel\u00e3o, caj\u00fa etc), bem como frut\u00edferas de clima subtropical e temperado adaptadas (citros e uva, respectivamente) e em adapta\u00e7\u00e3o (figueira) \u00e0s condi\u00e7\u00f5es de clima e solo na regi\u00e3o Nordeste, as quais poder\u00e3o constituir alternativas promissoras de produ\u00e7\u00e3o pelos fruticultores local e regional.<\/p>\n<p>Inscri\u00e7\u00e3o a partir de 18 de outubro de 2017. Site:\u00a0<a href=\"https:\/\/l.facebook.com\/l.php?u=https%3A%2F%2Fproec.ufersa.edu.br%2F&amp;h=ATNhfumRKfJc7Ay9U9mn3lZYnTonqvJpiUgQvUIbAOWUqpgTL2gBsAszdJJf-BB7DfRyxUWwdyG3CUJUE6Iv3BZ0O0prisKOUJsWziIHVMjniB-Yf5N7w-DMmfoEB7Q0194oJqzYgPUJLZHWx_h2c7f3MJRTL_zO4YMUx_YXlGXnXQn34fxqNYriJ6w9IfWk1ueu9Cx9bpOVcnizYCRrl-MiKdhQr8pz9vJhElhzSeO0d6Qi2wcw1FYROr5Y87-lfIsfjtxooW1SZRNUlxoQ7t6Pp_4Q1xl6MRDdBQ\">https:\/\/proec.ufersa.edu.br\/<\/a><\/p>\n","protected":false},"excerpt":{"rendered":"<p>O I Simp\u00f3sio Potiguar de Fruticultura ser\u00e1 um evento bianual, na qual em sua primeira edi\u00e7\u00e3o, acontecer\u00e1 nos dias 22, 23 e 24 de novembro de 2017. Tendo em vista a import\u00e2ncia da fruticultura na regi\u00e3o Nordeste, sobretudo no estado do Rio Grande do Norte, onde se destaca importantes polos frut\u00edcolas, como o Polo do [&hellip;]<\/p>\n","protected":false},"author":1,"featured_media":0,"comment_status":"open","ping_status":"open","sticky":false,"template":"","format":"standard","meta":[],"categories":[4],"tags":[],"_links":{"self":[{"href":"https:\/\/www.frutadovale.com.br\/2013\/wp-json\/wp\/v2\/posts\/5130"}],"collection":[{"href":"https:\/\/www.frutadovale.com.br\/2013\/wp-json\/wp\/v2\/posts"}],"about":[{"href":"https:\/\/www.frutadovale.com.br\/2013\/wp-json\/wp\/v2\/types\/post"}],"author":[{"embeddable":true,"href":"https:\/\/www.frutadovale.com.br\/2013\/wp-json\/wp\/v2\/users\/1"}],"replies":[{"embeddable":true,"href":"https:\/\/www.frutadovale.com.br\/2013\/wp-json\/wp\/v2\/comments?post=5130"}],"version-history":[{"count":4,"href":"https:\/\/www.frutadovale.com.br\/2013\/wp-json\/wp\/v2\/posts\/5130\/revisions"}],"predecessor-version":[{"id":5134,"href":"https:\/\/www.frutadovale.com.br\/2013\/wp-json\/wp\/v2\/posts\/5130\/revisions\/5134"}],"wp:attachment":[{"href":"https:\/\/www.frutadovale.com.br\/2013\/wp-json\/wp\/v2\/media?parent=5130"}],"wp:term":[{"taxonomy":"category","embeddable":true,"href":"https:\/\/www.frutadovale.com.br\/2013\/wp-json\/wp\/v2\/categories?post=5130"},{"taxonomy":"post_tag","embeddable":true,"href":"https:\/\/www.frutadovale.com.br\/2013\/wp-json\/wp\/v2\/tags?post=5130"}],"curies":[{"name":"wp","href":"https:\/\/api.w.org\/{rel}","templated":true}]}}