{"id":5120,"date":"2017-10-17T20:40:50","date_gmt":"2017-10-17T23:40:50","guid":{"rendered":"https:\/\/www.frutadovale.com.br\/2013\/?p=5120"},"modified":"2017-10-17T20:40:50","modified_gmt":"2017-10-17T23:40:50","slug":"1o-workshop-de-exportacao-de-hortifrutis","status":"publish","type":"post","link":"https:\/\/www.frutadovale.com.br\/2013\/2017\/10\/17\/1o-workshop-de-exportacao-de-hortifrutis\/","title":{"rendered":"1\u00ba Workshop de Exporta\u00e7\u00e3o de Hortifr\u00fatis"},"content":{"rendered":"<p style=\"text-align: center;\"><img decoding=\"async\" loading=\"lazy\" class=\"aligncenter size-full wp-image-5122\" alt=\"workshop2\" src=\"https:\/\/www.frutadovale.com.br\/2013\/wp-content\/uploads\/2017\/10\/workshop2.jpg\" width=\"600\" height=\"180\" srcset=\"https:\/\/www.frutadovale.com.br\/2013\/wp-content\/uploads\/2017\/10\/workshop2.jpg 600w, https:\/\/www.frutadovale.com.br\/2013\/wp-content\/uploads\/2017\/10\/workshop2-300x90.jpg 300w\" sizes=\"(max-width: 600px) 100vw, 600px\" \/><\/p>\n<p>O\u00a0<strong>1\u00ba Workshop de Exporta\u00e7\u00e3o de Hortifr\u00fatis<\/strong>\u00a0\u00e9 uma iniciativa da Ceasa Campinas em parceria com a Associa\u00e7\u00e3o Brasileira de Citros de Mesa (ABCM) e vai reunir produtores, executivos e especialistas na \u00e1rea para debater propostas e desafios do setor, no pr\u00f3ximo dia 26 de outubro, no Hotel Nacional Inn, em Campinas.<\/p>\n<p>O evento pretende ser um importante f\u00f3rum de discuss\u00f5es sobre a exporta\u00e7\u00e3o de hortifr\u00fatis brasileiros, debatendo temas como promo\u00e7\u00e3o, legisla\u00e7\u00e3o sanit\u00e1ria e log\u00edstica, entre outros. Tamb\u00e9m ser\u00e1 uma oportunidade \u00edmpar para os participantes fazerem novos contatos e trocarem experi\u00eancias com diferentes representantes do setor.<\/p>\n<p>Fa\u00e7a sua inscri\u00e7\u00e3o e participe!\u00a0Coordenadores:\u00a0<strong>Lenice Magali do Nascimento Abramo (ABCM);\u00a0<\/strong><strong>Mario Battisti (Ceasa Campinas)<\/strong><\/p>\n<h2>Programa\u00e7\u00e3o<\/h2>\n<p><strong>8h:\u00a0<\/strong>Inscri\u00e7\u00e3o<\/p>\n<p><strong>8h30:\u00a0<\/strong>Abertura &#8211; Ceasa Campinas e ABCM<\/p>\n<p><strong>9h:\u00a0<\/strong>1\u00aa Mesa Redonda :\u00a0<strong>Promo\u00e7\u00e3o e Legisla\u00e7\u00e3o<\/strong><\/p>\n<p><strong>Presidente da Ceasa Campinas:\u00a0<\/strong>Wander Villalba<\/p>\n<p><strong>9h \u00e0s 9h40:\u00a0<\/strong>ABRAFRUTAS e a exporta\u00e7\u00e3o de frutas brasileiras<\/p>\n<p>Luiz Roberto Barcelos (ABRAFRUTAS)<\/p>\n<p><strong>9h40 \u00e0s 10h20:\u00a0<\/strong><\/p>\n<p>Log\u00edstica aplicada \u00e0 exporta\u00e7\u00e3o<\/p>\n<p>Luiz Beraldo (Kuehne\u00a0+ Nagel Servi\u00e7os Log\u00edsiticos LTDA)<\/p>\n<p><strong>1<\/strong><strong>0h20 \u00e0s 10h40:\u00a0<\/strong>Coffee break<\/p>\n<p><strong>10h40 \u00e0s 11h20:\u00a0<\/strong>Legisla\u00e7\u00e3o e vigil\u00e2ncia sanit\u00e1ria na exporta\u00e7\u00e3o de hortifr\u00fatis<\/p>\n<p>Rita Louren\u00e7o (MAPA)<\/p>\n<p><strong>11h20 \u00e0s 12h:\u00a0<\/strong>Debate<\/p>\n<p><strong>12h \u00e0s 13h30:\u00a0<\/strong>Almo\u00e7o<\/p>\n<p><strong>13h30:\u00a0<\/strong>2\u00aa Mesa Redonda:\u00a0<strong>Estudos de casos<\/strong><\/p>\n<p><strong>Presidente da ABCM:\u00a0<\/strong>Em\u00edlio Cesar F\u00e1vero<\/p>\n<p><strong>13h30 \u00e0s 14h:\u00a0<\/strong>Exporta\u00e7\u00e3o de laranja<\/p>\n<p>Gustavo Campanelli (Cutrale)<\/p>\n<p><strong>14h \u00e0s 14h30:\u00a0<\/strong>Exporta\u00e7\u00e3o de figo<\/p>\n<p>Salvador Orlando Brotto (Ceasa)<\/p>\n<p><strong>14h30 \u00e0s 15h:\u00a0<\/strong>Exporta\u00e7\u00e3o de lim\u00e3o<\/p>\n<p>Graziela Tagliari (Citrus Tree)<\/p>\n<p><strong>15h \u00e0s\u00a015h20:\u00a0<\/strong>Debate<\/p>\n<p><strong>15h20 \u00e0s 15h40:\u00a0<\/strong>Coffee break<\/p>\n<p><strong>15h40 \u00e0s 16h20:<\/strong>\u00a0A promo\u00e7\u00e3o comercial das frutas brasileiras no exterior<\/p>\n<p>Sophia Cavalcanti Costa (Apex Brasil)<\/p>\n<p><strong>16h10 \u00e0 17h:\u00a0<\/strong>Debate<\/p>\n<p><strong>17h:\u00a0<\/strong>Encerramento<\/p>\n","protected":false},"excerpt":{"rendered":"<p>O\u00a01\u00ba Workshop de Exporta\u00e7\u00e3o de Hortifr\u00fatis\u00a0\u00e9 uma iniciativa da Ceasa Campinas em parceria com a Associa\u00e7\u00e3o Brasileira de Citros de Mesa (ABCM) e vai reunir produtores, executivos e especialistas na \u00e1rea para debater propostas e desafios do setor, no pr\u00f3ximo dia 26 de outubro, no Hotel Nacional Inn, em Campinas. O evento pretende ser um [&hellip;]<\/p>\n","protected":false},"author":1,"featured_media":0,"comment_status":"open","ping_status":"open","sticky":false,"template":"","format":"standard","meta":[],"categories":[4],"tags":[],"_links":{"self":[{"href":"https:\/\/www.frutadovale.com.br\/2013\/wp-json\/wp\/v2\/posts\/5120"}],"collection":[{"href":"https:\/\/www.frutadovale.com.br\/2013\/wp-json\/wp\/v2\/posts"}],"about":[{"href":"https:\/\/www.frutadovale.com.br\/2013\/wp-json\/wp\/v2\/types\/post"}],"author":[{"embeddable":true,"href":"https:\/\/www.frutadovale.com.br\/2013\/wp-json\/wp\/v2\/users\/1"}],"replies":[{"embeddable":true,"href":"https:\/\/www.frutadovale.com.br\/2013\/wp-json\/wp\/v2\/comments?post=5120"}],"version-history":[{"count":4,"href":"https:\/\/www.frutadovale.com.br\/2013\/wp-json\/wp\/v2\/posts\/5120\/revisions"}],"predecessor-version":[{"id":5125,"href":"https:\/\/www.frutadovale.com.br\/2013\/wp-json\/wp\/v2\/posts\/5120\/revisions\/5125"}],"wp:attachment":[{"href":"https:\/\/www.frutadovale.com.br\/2013\/wp-json\/wp\/v2\/media?parent=5120"}],"wp:term":[{"taxonomy":"category","embeddable":true,"href":"https:\/\/www.frutadovale.com.br\/2013\/wp-json\/wp\/v2\/categories?post=5120"},{"taxonomy":"post_tag","embeddable":true,"href":"https:\/\/www.frutadovale.com.br\/2013\/wp-json\/wp\/v2\/tags?post=5120"}],"curies":[{"name":"wp","href":"https:\/\/api.w.org\/{rel}","templated":true}]}}