{"id":5052,"date":"2017-09-13T07:54:51","date_gmt":"2017-09-13T10:54:51","guid":{"rendered":"https:\/\/www.frutadovale.com.br\/2013\/?p=5052"},"modified":"2017-09-13T07:55:33","modified_gmt":"2017-09-13T10:55:33","slug":"ciclo-de-palestras-sobre-o-abacateiro","status":"publish","type":"post","link":"https:\/\/www.frutadovale.com.br\/2013\/2017\/09\/13\/ciclo-de-palestras-sobre-o-abacateiro\/","title":{"rendered":"Ciclo de palestras sobre o abacateiro"},"content":{"rendered":"<p style=\"text-align: center;\"><img decoding=\"async\" loading=\"lazy\" class=\"aligncenter size-full wp-image-5054\" alt=\"abacatio\" src=\"https:\/\/www.frutadovale.com.br\/2013\/wp-content\/uploads\/2017\/09\/abacatio.jpg\" width=\"300\" height=\"321\" srcset=\"https:\/\/www.frutadovale.com.br\/2013\/wp-content\/uploads\/2017\/09\/abacatio.jpg 300w, https:\/\/www.frutadovale.com.br\/2013\/wp-content\/uploads\/2017\/09\/abacatio-280x300.jpg 280w\" sizes=\"(max-width: 300px) 100vw, 300px\" \/><\/p>\n<p>O cultivo do abacateiro requer cuidados especiais no plantio, para evitar produ\u00e7\u00f5es baixas e irregulares ao longo dos anos, \u00e9 importante que na implanta\u00e7\u00e3o do pomar seja programada a escolha da \u00e1rea, o preparo do terreno, a aduba\u00e7\u00e3o, o espa\u00e7amento, cultivares, obten\u00e7\u00e3o de mudas de qualidade e a forma\u00e7\u00e3o das plantas no campo. Na produ\u00e7\u00e3o comercial \u00e9 fundamental o trato cultural nas \u00e9pocas de crescimento vegetativo, de ra\u00edzes, no florescimento e na fixa\u00e7\u00e3o dos frutos. Todos esses manejos de forma integrada favorecem a colheita de frutos de qualidade e a comercializa\u00e7\u00e3o.<\/p>\n<p>Objetivo: O objetivo do evento \u00e9 divulgar informa\u00e7\u00f5es sobre o plantio e tratos culturais a serem adotados no cultivo do abacateiro, esp\u00e9cie que ganhou nos \u00faltimos anos import\u00e2ncia econ\u00f4mica tanto em termos de volume produzido como em \u00e1rea plantada. Essa fruteira \u00e9 uma op\u00e7\u00e3o de diversifica\u00e7\u00e3o aos pequenos produtores, que buscam por melhoria de renda. P\u00fablico Alvo: Produtores rurais, profissionais do setor e estudantes de ci\u00eancias agr\u00e1rias.<\/p>\n<p><strong>Programa\u00e7\u00e3o:<\/strong><\/p>\n<p>07h30 &#8211; Confirma\u00e7\u00e3o de inscri\u00e7\u00e3o e entrega de materiais<\/p>\n<p>07h50 \u2013 Apresenta\u00e7\u00e3o: Jaguacy Brasil<br \/>\nPalestrante: Eng. Agr. Vinicius Franco Nicolini<\/p>\n","protected":false},"excerpt":{"rendered":"<p>O cultivo do abacateiro requer cuidados especiais no plantio, para evitar produ\u00e7\u00f5es baixas e irregulares ao longo dos anos, \u00e9 importante que na implanta\u00e7\u00e3o do pomar seja programada a escolha da \u00e1rea, o preparo do terreno, a aduba\u00e7\u00e3o, o espa\u00e7amento, cultivares, obten\u00e7\u00e3o de mudas de qualidade e a forma\u00e7\u00e3o das plantas no campo. Na produ\u00e7\u00e3o [&hellip;]<\/p>\n","protected":false},"author":1,"featured_media":0,"comment_status":"open","ping_status":"open","sticky":false,"template":"","format":"standard","meta":[],"categories":[4],"tags":[],"_links":{"self":[{"href":"https:\/\/www.frutadovale.com.br\/2013\/wp-json\/wp\/v2\/posts\/5052"}],"collection":[{"href":"https:\/\/www.frutadovale.com.br\/2013\/wp-json\/wp\/v2\/posts"}],"about":[{"href":"https:\/\/www.frutadovale.com.br\/2013\/wp-json\/wp\/v2\/types\/post"}],"author":[{"embeddable":true,"href":"https:\/\/www.frutadovale.com.br\/2013\/wp-json\/wp\/v2\/users\/1"}],"replies":[{"embeddable":true,"href":"https:\/\/www.frutadovale.com.br\/2013\/wp-json\/wp\/v2\/comments?post=5052"}],"version-history":[{"count":3,"href":"https:\/\/www.frutadovale.com.br\/2013\/wp-json\/wp\/v2\/posts\/5052\/revisions"}],"predecessor-version":[{"id":5057,"href":"https:\/\/www.frutadovale.com.br\/2013\/wp-json\/wp\/v2\/posts\/5052\/revisions\/5057"}],"wp:attachment":[{"href":"https:\/\/www.frutadovale.com.br\/2013\/wp-json\/wp\/v2\/media?parent=5052"}],"wp:term":[{"taxonomy":"category","embeddable":true,"href":"https:\/\/www.frutadovale.com.br\/2013\/wp-json\/wp\/v2\/categories?post=5052"},{"taxonomy":"post_tag","embeddable":true,"href":"https:\/\/www.frutadovale.com.br\/2013\/wp-json\/wp\/v2\/tags?post=5052"}],"curies":[{"name":"wp","href":"https:\/\/api.w.org\/{rel}","templated":true}]}}