{"id":4983,"date":"2017-08-06T23:01:17","date_gmt":"2017-08-07T02:01:17","guid":{"rendered":"https:\/\/www.frutadovale.com.br\/2013\/?p=4983"},"modified":"2017-08-06T23:14:28","modified_gmt":"2017-08-07T02:14:28","slug":"vii-simposio-internacional-de-fruticultura-temperada","status":"publish","type":"post","link":"https:\/\/www.frutadovale.com.br\/2013\/2017\/08\/06\/vii-simposio-internacional-de-fruticultura-temperada\/","title":{"rendered":"VII Simp\u00f3sio internacional de Fruticultura Temperada"},"content":{"rendered":"<p>Nos dias 21 a 23 de Setembro de 2017 ser\u00e1 realizado em Avar\u00e9, interior de S\u00e3o Paulo, o VII Simp\u00f3sio Internacional de Fruticultura Temperada em Regi\u00e3o Subtropical, que reunir\u00e1 um p\u00fablico de cerca de 380 participantes, entre produtores, consultores, engenheiros agr\u00f4nomos, t\u00e9cnicos, estudantes, professores e pesquisadores, das mais renomadas institui\u00e7\u00f5es e empresas ligadas ao setor frut\u00edcola. <\/p>\n<p>O evento \u00e9 marcado por uma troca de experi\u00eancias e informa\u00e7\u00f5es relevantes contribuindo com melhorias no manejo de fruteiras temperadas. Ser\u00e3o abordados aspectos como alternativas tecnol\u00f3gicas visando a sustentabilidade da produ\u00e7\u00e3o, a qualidade e a seguran\u00e7a do alimento produzido. Discuti-se a atual situa\u00e7\u00e3o e os avan\u00e7os t\u00e9cnico-cient\u00edficos, promovendo interc\u00e2mbio de conhecimentos, e levantando os desafios a serem vencidos. <\/p>\n<p>As palestras s\u00e3o ministradas por profissionais, pesquisadores altamente capacitados e reconhecidos internacionalmente, por seus trabalhos de grande express\u00e3o, de diferentes regi\u00f5es do Brasil e do mundo. Durante o Simp\u00f3sio haver\u00e1 ainda uma rodada de neg\u00f3cios realizada entre os produtores participantes e os atacadistas parceiros presentes, sendo um momento \u00fanico de aproximar compradores e os produtores de diversas regi\u00f5es.<\/p>\n<p>Na \u00e1rea de exposi\u00e7\u00f5es, anexo ao sal\u00e3o de apresenta\u00e7\u00e3o, empresas ir\u00e3o expor seus produtos e servi\u00e7os voltados para a cadeia produtiva frut\u00edcola. <\/p>\n<p>No \u00faltimo dia (s\u00e1bado) ser\u00e1 realizado visita\u00e7\u00e3o a campos de produ\u00e7\u00e3o de frutas na regi\u00e3o e  demonstra\u00e7\u00e3o de m\u00e1quinas inovadoras na Fruticultura. <\/p>\n<p>O evento \u00e9 realizado pela Holantec Consultoria em Fruticultura, juntamente com a UFRGS (Universidade Federal do Rio Grande do Sul) e CAPES<\/p>\n","protected":false},"excerpt":{"rendered":"<p>Nos dias 21 a 23 de Setembro de 2017 ser\u00e1 realizado em Avar\u00e9, interior de S\u00e3o Paulo, o VII Simp\u00f3sio Internacional de Fruticultura Temperada em Regi\u00e3o Subtropical, que reunir\u00e1 um p\u00fablico de cerca de 380 participantes, entre produtores, consultores, engenheiros agr\u00f4nomos, t\u00e9cnicos, estudantes, professores e pesquisadores, das mais renomadas institui\u00e7\u00f5es e empresas ligadas ao setor [&hellip;]<\/p>\n","protected":false},"author":1,"featured_media":0,"comment_status":"open","ping_status":"open","sticky":false,"template":"","format":"standard","meta":[],"categories":[4],"tags":[],"_links":{"self":[{"href":"https:\/\/www.frutadovale.com.br\/2013\/wp-json\/wp\/v2\/posts\/4983"}],"collection":[{"href":"https:\/\/www.frutadovale.com.br\/2013\/wp-json\/wp\/v2\/posts"}],"about":[{"href":"https:\/\/www.frutadovale.com.br\/2013\/wp-json\/wp\/v2\/types\/post"}],"author":[{"embeddable":true,"href":"https:\/\/www.frutadovale.com.br\/2013\/wp-json\/wp\/v2\/users\/1"}],"replies":[{"embeddable":true,"href":"https:\/\/www.frutadovale.com.br\/2013\/wp-json\/wp\/v2\/comments?post=4983"}],"version-history":[{"count":3,"href":"https:\/\/www.frutadovale.com.br\/2013\/wp-json\/wp\/v2\/posts\/4983\/revisions"}],"predecessor-version":[{"id":4985,"href":"https:\/\/www.frutadovale.com.br\/2013\/wp-json\/wp\/v2\/posts\/4983\/revisions\/4985"}],"wp:attachment":[{"href":"https:\/\/www.frutadovale.com.br\/2013\/wp-json\/wp\/v2\/media?parent=4983"}],"wp:term":[{"taxonomy":"category","embeddable":true,"href":"https:\/\/www.frutadovale.com.br\/2013\/wp-json\/wp\/v2\/categories?post=4983"},{"taxonomy":"post_tag","embeddable":true,"href":"https:\/\/www.frutadovale.com.br\/2013\/wp-json\/wp\/v2\/tags?post=4983"}],"curies":[{"name":"wp","href":"https:\/\/api.w.org\/{rel}","templated":true}]}}