{"id":4975,"date":"2017-07-31T05:52:53","date_gmt":"2017-07-31T08:52:53","guid":{"rendered":"https:\/\/www.frutadovale.com.br\/2013\/?p=4975"},"modified":"2017-07-31T05:58:35","modified_gmt":"2017-07-31T08:58:35","slug":"aconteceu-o-xii-congresso-internacional-de-manga","status":"publish","type":"post","link":"https:\/\/www.frutadovale.com.br\/2013\/2017\/07\/31\/aconteceu-o-xii-congresso-internacional-de-manga\/","title":{"rendered":"Aconteceu o XII Congresso Internacional de Manga"},"content":{"rendered":"<p>Embarcaram \u00a0para a China no \u00faltimo dia 08 de julho os Consultores em Mangicultura,de Petrolina e outros estados brasileiros. Eles \u00a0participam\u00a0 do \u00a0<strong>12\u00ba Congresso Internacional de Manga<\/strong>, organizado pela\u00a0<em>International Society for Horticultural Science (ISHS<\/em>) em Baise \u2013 Guangxi, China, que come\u00e7ou no \u00faltimo dia 10 e foi at\u00e9 o dia \u00a016 de julho de 2017, onde foram integrados, levando as \u00a0experi\u00eancias do Vale e conhecendo um pouco da produ\u00e7\u00e3o de manga dos chineses e do mundo inteiro.<\/p>\n<p>Um dos participantes, o \u00a0petrolinense e \u00a0engenheiro agr\u00f4nomo, consultor de manga, Cesar Augusto Lib\u00f3rio de Lima, \u00a0disse ao blog que est\u00e1 gostando do encontro e que a troca de conhecimento entre os pa\u00edses termina melhorando a performance de todos. \u201cEm qualquer lugar do mundo se aprende e se ensina. Todos tem algo a oferecer. O simp\u00f3sio \u00e9 rico em dados e em experi\u00eancias e eu estou aproveitando tudo. Nossa miss\u00e3o aqui \u00e9 buscar novas informa\u00e7\u00f5es sobre a cultura da manga e promover o interc\u00e2mbio cultural tamb\u00e9m\u201d, disse Cesar Lib\u00f3rio.<\/p>\n<p>O Congresso \u00e9 organizado conjuntamente pelo Governo Popular Municipal de\u00a0<em>Baise<\/em>, pela Universidade de\u00a0<em>Guangx,<\/em>\u00a0pelo Instituto de Bot\u00e2nica de\u00a0<em>Guangxi<\/em>\u00a0 Academia Chinesa de Ci\u00eancias.\u00a0O encontro foi\u00a0 composto de sess\u00f5es plen\u00e1rias, sess\u00f5es centradas em disciplinas, \u00a0workshops e sess\u00e3o de p\u00f4steres e uma exposi\u00e7\u00e3o de patrocinadores onde os pesquisadores podem promover, apresentar e discutir seus trabalhos e produtos com outros pesquisadores. Quando retornar ao Brasil e ao Vale do S\u00e3o Francisco, Cesar deve comentar o valor e o aprendizado no Congresso.<\/p>\n","protected":false},"excerpt":{"rendered":"<p>Embarcaram \u00a0para a China no \u00faltimo dia 08 de julho os Consultores em Mangicultura,de Petrolina e outros estados brasileiros. Eles \u00a0participam\u00a0 do \u00a012\u00ba Congresso Internacional de Manga, organizado pela\u00a0International Society for Horticultural Science (ISHS) em Baise \u2013 Guangxi, China, que come\u00e7ou no \u00faltimo dia 10 e foi at\u00e9 o dia \u00a016 de julho de 2017, [&hellip;]<\/p>\n","protected":false},"author":1,"featured_media":0,"comment_status":"open","ping_status":"open","sticky":false,"template":"","format":"standard","meta":[],"categories":[4],"tags":[],"_links":{"self":[{"href":"https:\/\/www.frutadovale.com.br\/2013\/wp-json\/wp\/v2\/posts\/4975"}],"collection":[{"href":"https:\/\/www.frutadovale.com.br\/2013\/wp-json\/wp\/v2\/posts"}],"about":[{"href":"https:\/\/www.frutadovale.com.br\/2013\/wp-json\/wp\/v2\/types\/post"}],"author":[{"embeddable":true,"href":"https:\/\/www.frutadovale.com.br\/2013\/wp-json\/wp\/v2\/users\/1"}],"replies":[{"embeddable":true,"href":"https:\/\/www.frutadovale.com.br\/2013\/wp-json\/wp\/v2\/comments?post=4975"}],"version-history":[{"count":3,"href":"https:\/\/www.frutadovale.com.br\/2013\/wp-json\/wp\/v2\/posts\/4975\/revisions"}],"predecessor-version":[{"id":4977,"href":"https:\/\/www.frutadovale.com.br\/2013\/wp-json\/wp\/v2\/posts\/4975\/revisions\/4977"}],"wp:attachment":[{"href":"https:\/\/www.frutadovale.com.br\/2013\/wp-json\/wp\/v2\/media?parent=4975"}],"wp:term":[{"taxonomy":"category","embeddable":true,"href":"https:\/\/www.frutadovale.com.br\/2013\/wp-json\/wp\/v2\/categories?post=4975"},{"taxonomy":"post_tag","embeddable":true,"href":"https:\/\/www.frutadovale.com.br\/2013\/wp-json\/wp\/v2\/tags?post=4975"}],"curies":[{"name":"wp","href":"https:\/\/api.w.org\/{rel}","templated":true}]}}