{"id":4967,"date":"2017-07-23T21:52:18","date_gmt":"2017-07-24T00:52:18","guid":{"rendered":"https:\/\/www.frutadovale.com.br\/2013\/?p=4967"},"modified":"2017-07-23T21:52:18","modified_gmt":"2017-07-24T00:52:18","slug":"1-frusul-discute-a-fruticultura-da-regiao-sul-do-brasil","status":"publish","type":"post","link":"https:\/\/www.frutadovale.com.br\/2013\/2017\/07\/23\/1-frusul-discute-a-fruticultura-da-regiao-sul-do-brasil\/","title":{"rendered":"1\u00b0 Frusul discute a fruticultura da regi\u00e3o Sul do Brasil"},"content":{"rendered":"<p>Chapec\u00f3 sediou, nos dias 28 e 29 de junho, a primeira edi\u00e7\u00e3o do Simp\u00f3sio de Fruticultura da Regi\u00e3o Sul, o 1\u00b0 Frusul. O objetivo do evento foi proporcionar ao p\u00fablico, pesquisadores, estudantes, agricultores e participantes da cadeia de produ\u00e7\u00e3o de frutas, um espa\u00e7o de discuss\u00e3o e aprimoramento em assuntos relacionados a fruticultura praticada na regi\u00e3o Sul do Brasil.<\/p>\n<p>Essa atividade tem sido uma op\u00e7\u00e3o para a agricultura familiar da regi\u00e3o, o que se observa pela participa\u00e7\u00e3o de profissionais envolvidos com a cadeia de produ\u00e7\u00e3o de frutas no evento. O Simp\u00f3sio contou com 279 participantes, sendo 49 agricultores, 157 estudantes e os demais pesquisadores, professores universit\u00e1rios, extensionistas rurais e p\u00fablico em geral. Dentre os temas abordados, destacam-se a propaga\u00e7\u00e3o e produ\u00e7\u00e3o de mudas, fitossanidade, t\u00e9cnicas de manejo, nutri\u00e7\u00e3o, industrializa\u00e7\u00e3o e conserva\u00e7\u00e3o de frutas. Um diferencial do evento foi a participa\u00e7\u00e3o de agricultores como palestrantes, contando sua experi\u00eancia.<\/p>\n<p>O simp\u00f3sio contou a apresenta\u00e7\u00e3o de 96 resumos na forma de p\u00f4ster, sendo que seis deles foram escolhidos pela comiss\u00e3o cient\u00edfica para apresenta\u00e7\u00e3o oral. As palestras e os anais est\u00e3o dispon\u00edveis na p\u00e1gina oficial do evento.<\/p>\n<p>Participaram tamb\u00e9m da abertura do evento autoridades como reitores de universidades da regi\u00e3o e presidentes de associa\u00e7\u00f5es de produ\u00e7\u00e3o de frutas. Estavam tamb\u00e9m presentes o diretor de Pesquisa da Epagri, Luiz Ant\u00f4nio Palladini, e o prefeito de Chapec\u00f3, Luciano Buligon.<\/p>\n","protected":false},"excerpt":{"rendered":"<p>Chapec\u00f3 sediou, nos dias 28 e 29 de junho, a primeira edi\u00e7\u00e3o do Simp\u00f3sio de Fruticultura da Regi\u00e3o Sul, o 1\u00b0 Frusul. O objetivo do evento foi proporcionar ao p\u00fablico, pesquisadores, estudantes, agricultores e participantes da cadeia de produ\u00e7\u00e3o de frutas, um espa\u00e7o de discuss\u00e3o e aprimoramento em assuntos relacionados a fruticultura praticada na regi\u00e3o [&hellip;]<\/p>\n","protected":false},"author":1,"featured_media":0,"comment_status":"open","ping_status":"open","sticky":false,"template":"","format":"standard","meta":[],"categories":[4],"tags":[],"_links":{"self":[{"href":"https:\/\/www.frutadovale.com.br\/2013\/wp-json\/wp\/v2\/posts\/4967"}],"collection":[{"href":"https:\/\/www.frutadovale.com.br\/2013\/wp-json\/wp\/v2\/posts"}],"about":[{"href":"https:\/\/www.frutadovale.com.br\/2013\/wp-json\/wp\/v2\/types\/post"}],"author":[{"embeddable":true,"href":"https:\/\/www.frutadovale.com.br\/2013\/wp-json\/wp\/v2\/users\/1"}],"replies":[{"embeddable":true,"href":"https:\/\/www.frutadovale.com.br\/2013\/wp-json\/wp\/v2\/comments?post=4967"}],"version-history":[{"count":1,"href":"https:\/\/www.frutadovale.com.br\/2013\/wp-json\/wp\/v2\/posts\/4967\/revisions"}],"predecessor-version":[{"id":4968,"href":"https:\/\/www.frutadovale.com.br\/2013\/wp-json\/wp\/v2\/posts\/4967\/revisions\/4968"}],"wp:attachment":[{"href":"https:\/\/www.frutadovale.com.br\/2013\/wp-json\/wp\/v2\/media?parent=4967"}],"wp:term":[{"taxonomy":"category","embeddable":true,"href":"https:\/\/www.frutadovale.com.br\/2013\/wp-json\/wp\/v2\/categories?post=4967"},{"taxonomy":"post_tag","embeddable":true,"href":"https:\/\/www.frutadovale.com.br\/2013\/wp-json\/wp\/v2\/tags?post=4967"}],"curies":[{"name":"wp","href":"https:\/\/api.w.org\/{rel}","templated":true}]}}