{"id":4935,"date":"2017-07-04T22:01:40","date_gmt":"2017-07-05T01:01:40","guid":{"rendered":"https:\/\/www.frutadovale.com.br\/2013\/?p=4935"},"modified":"2017-07-04T23:04:24","modified_gmt":"2017-07-05T02:04:24","slug":"eventos-estimulam-a-fruticultura-no-sul-de-minas","status":"publish","type":"post","link":"https:\/\/www.frutadovale.com.br\/2013\/2017\/07\/04\/eventos-estimulam-a-fruticultura-no-sul-de-minas\/","title":{"rendered":"Eventos estimulam a fruticultura no Sul de Minas"},"content":{"rendered":"<div>\n<p style=\"text-align: center\"><img decoding=\"async\" loading=\"lazy\" class=\"aligncenter size-full wp-image-4936\" alt=\"citricultura2017\" src=\"https:\/\/www.frutadovale.com.br\/2013\/wp-content\/uploads\/2017\/07\/citricultura2017.jpg\" width=\"510\" height=\"400\" srcset=\"https:\/\/www.frutadovale.com.br\/2013\/wp-content\/uploads\/2017\/07\/citricultura2017.jpg 510w, https:\/\/www.frutadovale.com.br\/2013\/wp-content\/uploads\/2017\/07\/citricultura2017-300x235.jpg 300w\" sizes=\"(max-width: 510px) 100vw, 510px\" \/><\/p>\n<p>A Empresa de Pesquisa Agropecu\u00e1ria de Minas Gerais \u2013 EPAMIG -, em parceria com o Sindicato dos Produtores Rurais e a Prefeitura Municipal de Campanha, promove nos dias 5 e 6 de julho, eventos de fomento \u00e0 fruticultura na regi\u00e3o Sul do Estado. Al\u00e9m do Encontro T\u00e9cnico de Citricultura, que chega a sua quarta edi\u00e7\u00e3o, ser\u00e1 realizado tamb\u00e9m o 1\u00ba Encontro de Fruticultores do Sul de Minas &#8211; FrutSul, que apresentar\u00e1 op\u00e7\u00f5es para a diversifica\u00e7\u00e3o da atividade frut\u00edcola.<\/p>\n<p>&#8220;O 1\u00ba FrutSul acontecer\u00e1, no dia 6 de julho, juntamente com a etapa do Circuito Frutifica Minas em Campanha, promovido pela Emater-MG e que percorre todo o Estado.O objetivo \u00e9 apresentar aos produtores e interessados\u00a0frutas com potencial para cultivo no Sul de Minas e que s\u00e3o alternativas para a diversifica\u00e7\u00e3o&#8221;, explica a pesquisadora da EPAMIG, Ester Ferreira, coordenadora dos encontros.<\/p>\n<p>Com uma produ\u00e7\u00e3o m\u00e9dia de 1,5 milh\u00e3o de toneladas de tangerina Ponkan e \u00e1rea plantada superior a 1 mil hectares, o munic\u00edpio de Campanha destaca-se na produ\u00e7\u00e3o de citros. No dia 5 de julho, o Encontro T\u00e9cnico\u00a0vai abordar temas como racionaliza\u00e7\u00e3o do uso de agroqu\u00edmicos na citricultura, nutri\u00e7\u00e3o mineral de plantas, identifica\u00e7\u00e3o e controle do cancro c\u00edtrico.<\/p>\n<p>&#8220;A palestra sobre o uso racional de produtos qu\u00edmicos busca sanar d\u00favidas recorrentes entre os produtores que querem se adequar ao cultivo sustent\u00e1vel. N\u00e3o h\u00e1 ocorr\u00eancia de cancro c\u00edtrico em Minas Gerais, por isso,teremos uma palestra para alertar os citricultores sobre os sintomas e, principalmente, sobre as pr\u00e1ticas de manejo para prevenir a doen\u00e7a&#8221;, informa a pesquisadora Ester. O Greening, principal doen\u00e7a dos citros no Brasil e no mundo, ter\u00e1 um espa\u00e7o exclusivo no \u00f4nibus laborat\u00f3rio &#8220;Ci\u00eancia M\u00f3vel&#8221; da EPAMIG onde haver\u00e1 orienta\u00e7\u00e3o para a identifica\u00e7\u00e3o de sintomas e pr\u00e1ticas de manejo recomendadas para o controle.<\/p>\n<p>No dia 6 de julho, o 1\u00ba FrutSul vai discutir alternativas para a diversifica\u00e7\u00e3o agr\u00edcola e apresentar o potencial de atividades como vitivinicultura, olivicultura e cultivo de abacate na regi\u00e3o. O coordenador do Programa Estadual de Pesquisa em Vitivinicultura da EPAMIG, Murillo de Albuquerque Regina, abordar\u00e1 o tema &#8220;Potencial do Sul de Minas Gerais para a produ\u00e7\u00e3o de vinhos finos de qualidade&#8221;, com destaque para a t\u00e9cnica da dupla poda da videira que tem permitido a produ\u00e7\u00e3o de vinhos finos de inverno no Sudeste Brasileiro.<\/p>\n<p>O coordenador do Programa Estadual de Pesquisa em Olivicultura, Luiz Fernando de Oliveira, falar\u00e1 sobre o tecnologias para a produ\u00e7\u00e3o de azeitona e azeite e apresentar\u00e1 as experi\u00eancias da regi\u00e3o da Serra da Mantiqueira, em Minas Gerais, S\u00e3o Paulo e Rio de Janeiro, na produ\u00e7\u00e3o do azeite extravirgem nacional. O pesquisador Adelson de Oliveira, tamb\u00e9m da EPAMIG, falar\u00e1 sobre a cultivo de abacates e o potencial da fruta para a produ\u00e7\u00e3o de azeite em per\u00edodos de entressafra da oliveira.<\/p>\n<p>As inscri\u00e7\u00f5es para o 4\u00ba Encontro T\u00e9cnico de Citricultura e para o 1\u00ba FrutSul s\u00e3o gratuitas e podem ser feitas no local &#8211; Gin\u00e1sio Municipal Jos\u00e9 Augusto Paiva- Bairro Xoror\u00f3 &#8211; Campanha (MG).<\/p>\n<p><strong>Informa\u00e7\u00f5es:\u00a0<\/strong>EPAMIG Sul(35) 3821-1190 \/ Sindicato dos Produtores Rurais da Campanha (35) 3261-1108.<\/p>\n<\/div>\n","protected":false},"excerpt":{"rendered":"<p>A Empresa de Pesquisa Agropecu\u00e1ria de Minas Gerais \u2013 EPAMIG -, em parceria com o Sindicato dos Produtores Rurais e a Prefeitura Municipal de Campanha, promove nos dias 5 e 6 de julho, eventos de fomento \u00e0 fruticultura na regi\u00e3o Sul do Estado. Al\u00e9m do Encontro T\u00e9cnico de Citricultura, que chega a sua quarta edi\u00e7\u00e3o, [&hellip;]<\/p>\n","protected":false},"author":1,"featured_media":0,"comment_status":"open","ping_status":"open","sticky":false,"template":"","format":"standard","meta":[],"categories":[4],"tags":[],"_links":{"self":[{"href":"https:\/\/www.frutadovale.com.br\/2013\/wp-json\/wp\/v2\/posts\/4935"}],"collection":[{"href":"https:\/\/www.frutadovale.com.br\/2013\/wp-json\/wp\/v2\/posts"}],"about":[{"href":"https:\/\/www.frutadovale.com.br\/2013\/wp-json\/wp\/v2\/types\/post"}],"author":[{"embeddable":true,"href":"https:\/\/www.frutadovale.com.br\/2013\/wp-json\/wp\/v2\/users\/1"}],"replies":[{"embeddable":true,"href":"https:\/\/www.frutadovale.com.br\/2013\/wp-json\/wp\/v2\/comments?post=4935"}],"version-history":[{"count":8,"href":"https:\/\/www.frutadovale.com.br\/2013\/wp-json\/wp\/v2\/posts\/4935\/revisions"}],"predecessor-version":[{"id":4940,"href":"https:\/\/www.frutadovale.com.br\/2013\/wp-json\/wp\/v2\/posts\/4935\/revisions\/4940"}],"wp:attachment":[{"href":"https:\/\/www.frutadovale.com.br\/2013\/wp-json\/wp\/v2\/media?parent=4935"}],"wp:term":[{"taxonomy":"category","embeddable":true,"href":"https:\/\/www.frutadovale.com.br\/2013\/wp-json\/wp\/v2\/categories?post=4935"},{"taxonomy":"post_tag","embeddable":true,"href":"https:\/\/www.frutadovale.com.br\/2013\/wp-json\/wp\/v2\/tags?post=4935"}],"curies":[{"name":"wp","href":"https:\/\/api.w.org\/{rel}","templated":true}]}}