{"id":4917,"date":"2017-06-28T21:39:54","date_gmt":"2017-06-29T00:39:54","guid":{"rendered":"https:\/\/www.frutadovale.com.br\/2013\/?p=4917"},"modified":"2017-06-28T21:39:54","modified_gmt":"2017-06-29T00:39:54","slug":"ix-seminario-brasileiro-sobre-pequenas-frutas-4","status":"publish","type":"post","link":"https:\/\/www.frutadovale.com.br\/2013\/2017\/06\/28\/ix-seminario-brasileiro-sobre-pequenas-frutas-4\/","title":{"rendered":"IX Semin\u00e1rio Brasileiro sobre pequenas frutas"},"content":{"rendered":"<p>Na pr\u00f3xima quarta e quinta-feira (05 e 06\/07), ocorre IX Semin\u00e1rio Brasileiro sobre Pequenas Frutas, na Casa do Povo, em Vacaria. O evento tem como objetivo promover a intera\u00e7\u00e3o entre as entidades de ensino, pesquisa e extens\u00e3o, al\u00e9m de reunir produtores, pesquisadores, t\u00e9cnicos, estudantes de gradua\u00e7\u00e3o e p\u00f3s-gradua\u00e7\u00e3o e extensionistas, contribuindo para a consolida\u00e7\u00e3o das pequenas frutas como alternativa vi\u00e1vel de incremento de renda da agricultura familiar e do m\u00e9dio produtor rural.<\/p>\n<p>Abrindo o evento, na tarde do dia 04 e na manh\u00e3 do dia 05, no campus II da UCS, ser\u00e3o oferecidos cursos sobre mirtilo, amora-preta, framboesa e morango, abordando diversos aspectos de produ\u00e7\u00e3o de pequenas frutas, como a caracteriza\u00e7\u00e3o das esp\u00e9cies, morfologia, requerimento do cultivo, cultivares, implanta\u00e7\u00e3o, colheita, p\u00f3s-colheita e comercializa\u00e7\u00e3o.<\/p>\n<p>Ainda no dia 05, \u00e0 tarde, haver\u00e1 o dia de campo &#8220;Produ\u00e7\u00e3o de Pequenas Frutas na Agricultura Familiar&#8221;, na propriedade de Jair de Souza Vargas, na Capela Santa Luzia &#8211; Refugiado, que ir\u00e1 marcar a inaugura\u00e7\u00e3o da agroind\u00fastria de pequenas frutas congeladas FRUTpeq. Este dia de campo \u00e9 gratuito, e uma oportunidade de participar das esta\u00e7\u00f5es did\u00e1ticas de amora-preta, mirtilo, framboesa e morango, conhecendo na pr\u00e1tica o funcionamento de cada cultura. Mais informa\u00e7\u00f5es no escrit\u00f3rio municipal da Emater\/RS-Ascar de Vacaria, fone (54) 3231-2100. \u00a0J\u00e1 a palestra de abertura do semin\u00e1rio ser\u00e1 \u00e0s 19h, na Casa do Povo, com o pesquisador do INTA (Argentina), Anibal Caminiti, que ir\u00e1 abordar o Desenvolvimento territorial a partir da organiza\u00e7\u00e3o dos pequenos produtores. No dia 06, durante todo o dia, ser\u00e3o debatidos assuntos como certifica\u00e7\u00e3o de morango em produ\u00e7\u00e3o integrada, gest\u00e3o sustent\u00e1vel de uma propriedade familiar que produz e processa pequenas frutas, manejo de Drosophila suzukii e novas cultivares, entre outros.<\/p>\n<p>O evento \u00e9 promovido pela Emater\/RS-Ascar, Prefeitura Municipal de Vacaria, Embrapa, IFRS, UERGS, UCS e UDESC.<\/p>\n","protected":false},"excerpt":{"rendered":"<p>Na pr\u00f3xima quarta e quinta-feira (05 e 06\/07), ocorre IX Semin\u00e1rio Brasileiro sobre Pequenas Frutas, na Casa do Povo, em Vacaria. O evento tem como objetivo promover a intera\u00e7\u00e3o entre as entidades de ensino, pesquisa e extens\u00e3o, al\u00e9m de reunir produtores, pesquisadores, t\u00e9cnicos, estudantes de gradua\u00e7\u00e3o e p\u00f3s-gradua\u00e7\u00e3o e extensionistas, contribuindo para a consolida\u00e7\u00e3o das [&hellip;]<\/p>\n","protected":false},"author":1,"featured_media":0,"comment_status":"open","ping_status":"open","sticky":false,"template":"","format":"standard","meta":[],"categories":[4],"tags":[],"_links":{"self":[{"href":"https:\/\/www.frutadovale.com.br\/2013\/wp-json\/wp\/v2\/posts\/4917"}],"collection":[{"href":"https:\/\/www.frutadovale.com.br\/2013\/wp-json\/wp\/v2\/posts"}],"about":[{"href":"https:\/\/www.frutadovale.com.br\/2013\/wp-json\/wp\/v2\/types\/post"}],"author":[{"embeddable":true,"href":"https:\/\/www.frutadovale.com.br\/2013\/wp-json\/wp\/v2\/users\/1"}],"replies":[{"embeddable":true,"href":"https:\/\/www.frutadovale.com.br\/2013\/wp-json\/wp\/v2\/comments?post=4917"}],"version-history":[{"count":4,"href":"https:\/\/www.frutadovale.com.br\/2013\/wp-json\/wp\/v2\/posts\/4917\/revisions"}],"predecessor-version":[{"id":4924,"href":"https:\/\/www.frutadovale.com.br\/2013\/wp-json\/wp\/v2\/posts\/4917\/revisions\/4924"}],"wp:attachment":[{"href":"https:\/\/www.frutadovale.com.br\/2013\/wp-json\/wp\/v2\/media?parent=4917"}],"wp:term":[{"taxonomy":"category","embeddable":true,"href":"https:\/\/www.frutadovale.com.br\/2013\/wp-json\/wp\/v2\/categories?post=4917"},{"taxonomy":"post_tag","embeddable":true,"href":"https:\/\/www.frutadovale.com.br\/2013\/wp-json\/wp\/v2\/tags?post=4917"}],"curies":[{"name":"wp","href":"https:\/\/api.w.org\/{rel}","templated":true}]}}